{"id":6746,"date":"2023-04-24T12:16:10","date_gmt":"2023-04-24T15:16:10","guid":{"rendered":"http:\/\/www.ciep.cl\/?p=6746"},"modified":"2023-04-24T12:16:10","modified_gmt":"2023-04-24T15:16:10","slug":"expertos-internacionales-compartieron-en-seminario-internacional-de-turismo-cientifico","status":"publish","type":"post","link":"https:\/\/ciep.cl\/inicio\/2023\/04\/24\/expertos-internacionales-compartieron-en-seminario-internacional-de-turismo-cientifico\/","title":{"rendered":"Expertos internacionales compartieron en seminario internacional de turismo cient\u00edfico"},"content":{"rendered":"\n<p>Expositores de Francia, Espa\u00f1a y Chile se reunieron el pasado martes 28 de marzo en la UACh en el marco del Seminario Internacional de Turismo Cient\u00edfico \u201dArticulando Ciencia de Cuencas H\u00eddricas y Desarrollo Regional en contexto de Cambio Clim\u00e1tico\u201d orientado a intercambiar experiencias relacionadas con el manejo de cuencas en distintos territorios.<br \/>El evento fue organizado por el Instituto de Turismo de FACEA UACh en conjunto con el Centro de Investigaci\u00f3n en Ecosistemas de la Patagonia (CIEP), y cont\u00f3 con la participaci\u00f3n de investigadores, estudiantes, representantes del sector p\u00fablico y privado de la regi\u00f3n de Los R\u00edos, adem\u00e1s de estudiantes de la Facultad de Ciencias Econ\u00f3micas y Administrativas.<\/p>\n\n\n\n<p>Durante la actividad, el Decano de FACEA, Dr. Egon Montecinos, destac\u00f3 el encuentro y se\u00f1al\u00f3 que \u201cesta es una universidad que est\u00e1 comprometida con las problem\u00e1ticas locales y globales, con un v\u00ednculo genuino con su territorio y las problem\u00e1ticas que afectan su entorno. El estudio de la actividad tur\u00edstica es muy significativa porque nos conecta con todo el pa\u00eds, desde Arica a Magallanes, con presencia a trav\u00e9s de estudios, investigaci\u00f3n, adem\u00e1s de v\u00ednculos internacionales, como los que hoy nos covocan\u201d.<\/p>\n\n\n\n<figure class=\"wp-block-gallery columns-2 is-cropped wp-block-gallery-1 is-layout-flex wp-block-gallery-is-layout-flex\"><ul class=\"blocks-gallery-grid\"><li class=\"blocks-gallery-item\"><figure><img decoding=\"async\" src=\"http:\/\/www.ciep.cl\/wp-content\/uploads\/2023\/04\/IMG_9048-1024x683.jpg\" alt=\"\" data-id=\"6755\" data-link=\"http:\/\/www.ciep.cl\/?attachment_id=6755\" class=\"wp-image-6755\"\/><\/figure><\/li><li class=\"blocks-gallery-item\"><figure><img decoding=\"async\" src=\"http:\/\/www.ciep.cl\/wp-content\/uploads\/2023\/04\/IMG_9025-1-1024x683.jpg\" alt=\"\" data-id=\"6762\" data-full-url=\"http:\/\/www.ciep.cl\/wp-content\/uploads\/2023\/04\/IMG_9025-1-scaled.jpg\" data-link=\"http:\/\/www.ciep.cl\/2023\/04\/24\/expertos-internacionales-compartieron-en-seminario-internacional-de-turismo-cientifico\/img_9025-1\/\" class=\"wp-image-6762\"\/><\/figure><\/li><\/ul><\/figure>\n\n\n\n<figure class=\"wp-block-image size-large\"><img decoding=\"async\" src=\"http:\/\/www.ciep.cl\/wp-content\/uploads\/2023\/04\/IMG_9017-1024x683.jpg\" alt=\"\" class=\"wp-image-6754\"\/><\/figure>\n\n\n\n<p>El encuentro contempl\u00f3 dos panales. El primero, moderado por el acad\u00e9mico del Instituto de Turismo, Dr. Pablo Szmulewicz, tuvo relaci\u00f3n con el marco conceptual del turismo cient\u00edfico, y agrup\u00f3 las exposiciones de Fabien Bourlon de CIEP, Chile; Pascal MAO de Universit\u00e9 Grenoble-Alpes, Francia; adem\u00e1s de Marcos Cole y Katerina Veloso de la UACh.<br \/>El segundo panel, denominado \u201cExperiencias de articulaci\u00f3n, ciencia, turismo y desarrollo regional\u201d, tuvo como expositores a Didier Galop de Universit\u00e9 Toulouse Jean Jaur\u00e8s, Francia; Lluis Brotons de la Universidad Aut\u00f3noma de Barcelona; Cecilia Guti\u00e9rrez de la Universidad Austral de Chile; Alejandro Salazar y Catalina Jaramillo de la Pontificia Universidad Cat\u00f3lica de Chile; Alexandra Salazar y Fabien Bourlon de CIEP Chile, adem\u00e1s de Francisca Flores, de la Universidad Cat\u00f3lica de Chile y Adriano Rovira, de la Universidad Austral de Chile.<br \/><br \/>Una vez concluido el seminario, los expositores internacionales participaron de una gira t\u00e9cnica en el Centro de Humedales R\u00edo Cruces, ubicado en el sector Cabo Blanco, el Laboratorio Costero Calfuco, de la Facultad de Ciencias de la UACh, ubicado en la costa valdiviana, para concluir con un encuentro el Facea, con el Dr. Humberto Gonz\u00e1lez del Centro de Investigaci\u00f3n Din\u00e1mica de Ecosistemas Marinos de Altas Latitudes, IDEAL.<\/p>\n\n\n\n<p>Cabe mencionar que evento es apoyado por la Agencia Nacional de Investigaci\u00f3n y Desarrollo (ANID); la estaci\u00f3n Patagonia UC; CIEP Chile; la red de Turismo Cient\u00edfico; Societur; CREAF; y las Universidades participantes.<\/p>\n\n\n\n<figure class=\"wp-block-gallery columns-1 is-cropped wp-block-gallery-2 is-layout-flex wp-block-gallery-is-layout-flex\"><ul class=\"blocks-gallery-grid\"><li class=\"blocks-gallery-item\"><figure><img decoding=\"async\" src=\"http:\/\/www.ciep.cl\/wp-content\/uploads\/2023\/04\/IMG_9044-1024x683.jpg\" alt=\"\" data-id=\"6753\" data-full-url=\"http:\/\/www.ciep.cl\/wp-content\/uploads\/2023\/04\/IMG_9044-scaled.jpg\" data-link=\"http:\/\/www.ciep.cl\/?attachment_id=6753\" class=\"wp-image-6753\"\/><\/figure><\/li><\/ul><\/figure>\n\n\n\n<figure class=\"wp-block-image size-large\"><img decoding=\"async\" src=\"http:\/\/www.ciep.cl\/wp-content\/uploads\/2023\/04\/IMG_9056-1024x683.jpg\" alt=\"\" class=\"wp-image-6757\"\/><\/figure>\n","protected":false},"excerpt":{"rendered":"<p>Expositores de Francia, Espa\u00f1a y Chile se reunieron el pasado martes 28 de marzo en la UACh en el marco del Seminario Internacional de Turismo Cient\u00edfico \u201dArticulando Ciencia de Cuencas H\u00eddricas y Desarrollo Regional en contexto de Cambio Clim\u00e1tico\u201d orientado &#8230; <\/p>\n<p class=\"read-more-container\"><a title=\"Expertos internacionales compartieron en seminario internacional de turismo cient\u00edfico\" class=\"read-more button\" href=\"https:\/\/ciep.cl\/inicio\/2023\/04\/24\/expertos-internacionales-compartieron-en-seminario-internacional-de-turismo-cientifico\/#more-6746\" aria-label=\"Leer m\u00e1s sobre Expertos internacionales compartieron en seminario internacional de turismo cient\u00edfico\">Leer m\u00e1s<\/a><\/p>\n","protected":false},"author":3,"featured_media":6752,"comment_status":"open","ping_status":"open","sticky":false,"template":"","format":"standard","meta":{"footnotes":""},"categories":[5,64],"tags":[80,42],"class_list":["post-6746","post","type-post","status-publish","format-standard","has-post-thumbnail","hentry","category-noticias","category-turismo-sustentable","tag-alexandra-salazar","tag-fabien-bourlon","infinite-scroll-item"],"_links":{"self":[{"href":"https:\/\/ciep.cl\/inicio\/wp-json\/wp\/v2\/posts\/6746","targetHints":{"allow":["GET"]}}],"collection":[{"href":"https:\/\/ciep.cl\/inicio\/wp-json\/wp\/v2\/posts"}],"about":[{"href":"https:\/\/ciep.cl\/inicio\/wp-json\/wp\/v2\/types\/post"}],"author":[{"embeddable":true,"href":"https:\/\/ciep.cl\/inicio\/wp-json\/wp\/v2\/users\/3"}],"replies":[{"embeddable":true,"href":"https:\/\/ciep.cl\/inicio\/wp-json\/wp\/v2\/comments?post=6746"}],"version-history":[{"count":0,"href":"https:\/\/ciep.cl\/inicio\/wp-json\/wp\/v2\/posts\/6746\/revisions"}],"wp:featuredmedia":[{"embeddable":true,"href":"https:\/\/ciep.cl\/inicio\/wp-json\/"}],"wp:attachment":[{"href":"https:\/\/ciep.cl\/inicio\/wp-json\/wp\/v2\/media?parent=6746"}],"wp:term":[{"taxonomy":"category","embeddable":true,"href":"https:\/\/ciep.cl\/inicio\/wp-json\/wp\/v2\/categories?post=6746"},{"taxonomy":"post_tag","embeddable":true,"href":"https:\/\/ciep.cl\/inicio\/wp-json\/wp\/v2\/tags?post=6746"}],"curies":[{"name":"wp","href":"https:\/\/api.w.org\/{rel}","templated":true}]}}