{"id":6854,"date":"2023-07-05T17:51:50","date_gmt":"2023-07-05T20:51:50","guid":{"rendered":"http:\/\/www.ciep.cl\/?p=6854"},"modified":"2023-07-05T17:51:50","modified_gmt":"2023-07-05T20:51:50","slug":"cientificos-realizaron-viaje-de-vinculacion-e-intercambio-de-experiencia-en-espana-y-francia","status":"publish","type":"post","link":"https:\/\/ciep.cl\/inicio\/2023\/07\/05\/cientificos-realizaron-viaje-de-vinculacion-e-intercambio-de-experiencia-en-espana-y-francia\/","title":{"rendered":"Cient\u00edficos realizaron viaje de vinculaci\u00f3n e intercambio de experiencia en Espa\u00f1a y Francia"},"content":{"rendered":"\n<p>Proyecto de vinculaci\u00f3n internacional permite a cient\u00edficos de la Regi\u00f3n de Ays\u00e9n recibir capacitaciones en investigaci\u00f3n participativa en Espa\u00f1a y Francia.<\/p>\n\n\n\n<p>El proyecto financiado por la Agencia Nacional de Investigaci\u00f3n y Desarrollo (ANID), titulado \u201cRed Internacional de Turismo Cient\u00edfico y monitoreo participativo del cambio clim\u00e1tico en cuencas h\u00eddricas australes (Red ITC Austral)\u201d FOVI220212, liderado por el Dr. Fabien Bourlon del Centro de Investigaci\u00f3n en Ecosistemas de la Patagonia&nbsp;(CIEP), permiti\u00f3 una capacitaci\u00f3n internacional relacionada al estudio de cuencas h\u00eddricas, monitoreo y articulaci\u00f3n entre investigaci\u00f3n cient\u00edfica y desarrollo regional en las ciudades y zonas rurales aleda\u00f1as de Barcelona en Espa\u00f1a, Vicdessos (departamento de Ari\u00e8ge) y Le Pradel (departamento de Ard\u00e8che) en Francia. Las actividades se desarrollaron desde el 18 al 24 de junio de 2023 y cont\u00f3 con la participaci\u00f3n de los investigadores Dr. Fabien Bourlon, Dra. \u00c1ngela Hern\u00e1ndez y la ge\u00f3loga Alexandra Salazar&nbsp;del CIEP ,&nbsp;Dr. Alejandro Salazar, &nbsp;de la Pontificia Universidad Cat\u00f3lica, Dr. Gabriel Inostroza y Dra. Cecilia Guti\u00e9rrez&nbsp;de la Universidad Austral de Chile , en colaboraciones con el CREAF de la Universidad Aut\u00f3noma de Barcelona, la Universidad de Toulouse y la Universidad de Grenoble Alpes, con las cuales los investigadores chilenos tienen proyectos y convenios conjuntos.<\/p>\n\n\n\n<p>El principal objetivo es capacitar a los investigadores chilenos mediante actividades te\u00f3ricas y pr\u00e1cticas desarrolladas en zonas rurales de Espa\u00f1a y Francia,&nbsp;con el fin de establecer y fortalecer colaboraciones entre los centros de investigaci\u00f3n y las universidades involucradas para una mejor gesti\u00f3n de proyectos de investigaci\u00f3n colaborativos con las comunidades y actores locales&nbsp;de la Regi\u00f3n de Ays\u00e9n.<\/p>\n\n\n\n<p>Gracias al proyecto se fortalece la red internacional de investigadores en temas de Turismo Cient\u00edfico, ampliando el n\u00famero de socios participantes, aplicado estrategias innovadoras en el monitoreo de cambios y desastres naturales en cuencas h\u00eddricas bajo un contexto de cambio clim\u00e1tico. Buscando adem\u00e1s, asentar m\u00e1s capacidades de investigaci\u00f3n multidisciplinaria para llevar los proyectos en curso mediante metodolog\u00edas participativas innovadora y con enfoques integrados.<\/p>\n\n\n\n<p><strong>Experiencia extranjera como ejemplo para la regi\u00f3n<\/strong><strong><\/strong><\/p>\n\n\n\n<p>El director del proyecto de vinculaci\u00f3n internacional\u00a0Dr. Fabien Bourlon\u00a0destac\u00f3 la importancia de\u00a0realizar este tipo de intercambio de experiencias que pueden ser aplicadas en Ays\u00e9n.\u00a0\u201cEn la regi\u00f3n de Barcelona\u00a0existe una gran experiencia en comunicaci\u00f3n y ciencia ciudadana llevada por el Centro de Investigaci\u00f3n en Ecolog\u00eda y Aplicaciones Forestales (CREAF),\u00a0desde hace 15 a\u00f1os\u00a0aproximadamente, como tambi\u00e9n en\u00a0investigaci\u00f3n participativa de los ecosistemas de monta\u00f1a en Andorra junto a la fundaci\u00f3n Earth Watch. Pudimos tambi\u00e9n conocer el\u00a0modelo de estaci\u00f3n cient\u00edfica de Can Balasc en zona peri-urbana, la cual adem\u00e1s de ser una base para la realizaci\u00f3n de investigaciones, es un espacio de educaci\u00f3n medio-ambiental. Este tipo de centros podr\u00edan\u00a0ser perfectamente replicados en Ays\u00e9n\u201d.<\/p>\n\n\n\n<figure class=\"wp-block-gallery columns-3 is-cropped wp-block-gallery-1 is-layout-flex wp-block-gallery-is-layout-flex\"><ul class=\"blocks-gallery-grid\"><li class=\"blocks-gallery-item\"><figure><img decoding=\"async\" src=\"http:\/\/www.ciep.cl\/wp-content\/uploads\/2023\/07\/Visita-Sitio-Patroninial-interpretacion-del-paisaje-de-U-de-Toulouse-20-1024x768.jpeg\" alt=\"\" data-id=\"6864\" data-link=\"http:\/\/www.ciep.cl\/?attachment_id=6864\" class=\"wp-image-6864\"\/><\/figure><\/li><li class=\"blocks-gallery-item\"><figure><img decoding=\"async\" src=\"http:\/\/www.ciep.cl\/wp-content\/uploads\/2023\/07\/Imagen1-1-1024x768.png\" alt=\"\" data-id=\"6858\" data-full-url=\"http:\/\/www.ciep.cl\/wp-content\/uploads\/2023\/07\/Imagen1-1.png\" data-link=\"http:\/\/www.ciep.cl\/?attachment_id=6858\" class=\"wp-image-6858\"\/><\/figure><\/li><li class=\"blocks-gallery-item\"><figure><img decoding=\"async\" src=\"http:\/\/www.ciep.cl\/wp-content\/uploads\/2023\/07\/Centro-Ecotron-de-Laboratorio-Cueva-Moulis-CNRS-1024x768.jpeg\" alt=\"\" data-id=\"6856\" data-link=\"http:\/\/www.ciep.cl\/?attachment_id=6856\" class=\"wp-image-6856\"\/><\/figure><\/li><li class=\"blocks-gallery-item\"><figure><img decoding=\"async\" src=\"http:\/\/www.ciep.cl\/wp-content\/uploads\/2023\/07\/Visita-CREAF-con-directora-de-vinculacion-19-junio-2023-1024x768-1.jpg\" alt=\"\" data-id=\"6865\" data-full-url=\"http:\/\/www.ciep.cl\/wp-content\/uploads\/2023\/07\/Visita-CREAF-con-directora-de-vinculacion-19-junio-2023-1024x768-1.jpg\" data-link=\"http:\/\/www.ciep.cl\/?attachment_id=6865\" class=\"wp-image-6865\"\/><\/figure><\/li><\/ul><\/figure>\n\n\n\n<p>\u201cPor su parte en&nbsp;Francia, los estudios de campo en los pueblos de monta\u00f1a de Vicdessos, Auzat y la Vallee de Soulcem, Departamento de Ari\u00e8ge, cercano a la ciudad de&nbsp;Toulouse, entregaron relevantes informaciones sobre como asociar el estudio de la evoluci\u00f3n del paisaje y una puesta en valor tur\u00edstica del patrimonio que considere las din\u00e1micas locales de agropastoreo y el cuidado con el monitoreo cient\u00edfico de humedales de zonas peri-glaciares. &nbsp;La&nbsp;visita de la estaci\u00f3n cient\u00edfica del Centro Nacional de Investigaci\u00f3n Cient\u00edfica de Francia&nbsp;(CNRS&nbsp;&#8211; Centre Ecotron de Moulis)&nbsp;es un ejemplo de centro de excelencia en relaci\u00f3n al&nbsp;monitoreo te\u00f3rico-pr\u00e1ctico&nbsp;para la modelizaci\u00f3n de la evoluci\u00f3n de los ecosistemas de agua dulce de monta\u00f1a. Este lugar tiene adem\u00e1s una cueva laboratorio y centro educativo para estudiar la evoluci\u00f3n de la fauna subterr\u00e1nea\u201d.<\/p>\n\n\n\n<p>En la \u00faltima zona visitada, el Departamento de Ard\u00e8che en el sur este volc\u00e1nico del Maciso Central se entregaron antecedentes\u00a0de experiencias de turismo cient\u00edfico en cuencas h\u00eddricas de monta\u00f1a y puesta en valor de hallazgos arqueol\u00f3gicos\u00a0y agropecuarios como los de la Grotte Chauvet y la cueva Karstica Saint Marcel,\u00a0donde la universidades de Savoie y Grenoble Alpes han participado activamente en distintos campos. \u00abEstos modelos de interacci\u00f3n de las universidades con el Gobierno Regional, los gobiernos\u00a0departamentales y las cooperativas p\u00fablico-privado podr\u00edan inspirar a Chile en sus estrategias de vinculaci\u00f3n cient\u00edfica\u00bb enfatiz\u00f3 el investigador Fabien Bourlon.<\/p>\n\n\n\n<p>Los investigadores que recibieron la capacitaci\u00f3n tuvieron la oportunidad\u00a0de presentar sus experiencias,\u00a0en el caso de\u00a0CIEP,\u00a0como\u00a0centro de investigaci\u00f3n regional que ha liderado el turismo cient\u00edfico, de la Universidad Austral en materia de estudios de turismo y divulgaci\u00f3n cient\u00edfica y el actual desarrollo de la estaci\u00f3n cient\u00edfica Patagonia UC.<\/p>\n\n\n\n<figure class=\"wp-block-gallery columns-3 is-cropped wp-block-gallery-2 is-layout-flex wp-block-gallery-is-layout-flex\"><ul class=\"blocks-gallery-grid\"><li class=\"blocks-gallery-item\"><figure><img decoding=\"async\" src=\"http:\/\/www.ciep.cl\/wp-content\/uploads\/2023\/07\/Visita-Cueva-San-Marcel-investigacion-sistema-karstico-U-de-Grenoble-Alpes-22-de-junio-Ardeche-1024x768.jpeg\" alt=\"\" data-id=\"6861\" data-full-url=\"http:\/\/www.ciep.cl\/wp-content\/uploads\/2023\/07\/Visita-Cueva-San-Marcel-investigacion-sistema-karstico-U-de-Grenoble-Alpes-22-de-junio-Ardeche-scaled.jpeg\" data-link=\"http:\/\/www.ciep.cl\/?attachment_id=6861\" class=\"wp-image-6861\"\/><\/figure><\/li><li class=\"blocks-gallery-item\"><figure><img decoding=\"async\" src=\"http:\/\/www.ciep.cl\/wp-content\/uploads\/2023\/07\/Visita-Estacion-Biologica-CREAF-19-junio-2023-1024x768.jpeg\" alt=\"\" data-id=\"6863\" data-full-url=\"http:\/\/www.ciep.cl\/wp-content\/uploads\/2023\/07\/Visita-Estacion-Biologica-CREAF-19-junio-2023-scaled.jpeg\" data-link=\"http:\/\/www.ciep.cl\/?attachment_id=6863\" class=\"wp-image-6863\"\/><\/figure><\/li><li class=\"blocks-gallery-item\"><figure><img decoding=\"async\" src=\"http:\/\/www.ciep.cl\/wp-content\/uploads\/2023\/07\/Visita-Estacion-Biologica-CREAF-19-junio-2023-con-cientifico-768x1024.jpeg\" alt=\"\" data-id=\"6862\" data-full-url=\"http:\/\/www.ciep.cl\/wp-content\/uploads\/2023\/07\/Visita-Estacion-Biologica-CREAF-19-junio-2023-con-cientifico-scaled.jpeg\" data-link=\"http:\/\/www.ciep.cl\/?attachment_id=6862\" class=\"wp-image-6862\"\/><\/figure><\/li><li class=\"blocks-gallery-item\"><figure><img decoding=\"async\" src=\"http:\/\/www.ciep.cl\/wp-content\/uploads\/2023\/07\/Centro-Ecotron-de-Moulis-CNRS-estanque-de-ensayos-2-1024x768.jpeg\" alt=\"\" data-id=\"6857\" data-full-url=\"http:\/\/www.ciep.cl\/wp-content\/uploads\/2023\/07\/Centro-Ecotron-de-Moulis-CNRS-estanque-de-ensayos-2-scaled.jpeg\" data-link=\"http:\/\/www.ciep.cl\/?attachment_id=6857\" class=\"wp-image-6857\"\/><\/figure><\/li><\/ul><\/figure>\n","protected":false},"excerpt":{"rendered":"<p>Proyecto de vinculaci\u00f3n internacional permite a cient\u00edficos de la Regi\u00f3n de Ays\u00e9n recibir capacitaciones en investigaci\u00f3n participativa en Espa\u00f1a y Francia. El proyecto financiado por la Agencia Nacional de Investigaci\u00f3n y Desarrollo (ANID), titulado \u201cRed Internacional de Turismo Cient\u00edfico y &#8230; <\/p>\n<p class=\"read-more-container\"><a title=\"Cient\u00edficos realizaron viaje de vinculaci\u00f3n e intercambio de experiencia en Espa\u00f1a y Francia\" class=\"read-more button\" href=\"https:\/\/ciep.cl\/inicio\/2023\/07\/05\/cientificos-realizaron-viaje-de-vinculacion-e-intercambio-de-experiencia-en-espana-y-francia\/#more-6854\" aria-label=\"Leer m\u00e1s sobre Cient\u00edficos realizaron viaje de vinculaci\u00f3n e intercambio de experiencia en Espa\u00f1a y Francia\">Leer m\u00e1s<\/a><\/p>\n","protected":false},"author":3,"featured_media":6860,"comment_status":"open","ping_status":"open","sticky":false,"template":"","format":"standard","meta":{"footnotes":""},"categories":[64],"tags":[80,56,42],"class_list":["post-6854","post","type-post","status-publish","format-standard","has-post-thumbnail","hentry","category-turismo-sustentable","tag-alexandra-salazar","tag-angela-hernandez","tag-fabien-bourlon","infinite-scroll-item"],"_links":{"self":[{"href":"https:\/\/ciep.cl\/inicio\/wp-json\/wp\/v2\/posts\/6854","targetHints":{"allow":["GET"]}}],"collection":[{"href":"https:\/\/ciep.cl\/inicio\/wp-json\/wp\/v2\/posts"}],"about":[{"href":"https:\/\/ciep.cl\/inicio\/wp-json\/wp\/v2\/types\/post"}],"author":[{"embeddable":true,"href":"https:\/\/ciep.cl\/inicio\/wp-json\/wp\/v2\/users\/3"}],"replies":[{"embeddable":true,"href":"https:\/\/ciep.cl\/inicio\/wp-json\/wp\/v2\/comments?post=6854"}],"version-history":[{"count":0,"href":"https:\/\/ciep.cl\/inicio\/wp-json\/wp\/v2\/posts\/6854\/revisions"}],"wp:featuredmedia":[{"embeddable":true,"href":"https:\/\/ciep.cl\/inicio\/wp-json\/"}],"wp:attachment":[{"href":"https:\/\/ciep.cl\/inicio\/wp-json\/wp\/v2\/media?parent=6854"}],"wp:term":[{"taxonomy":"category","embeddable":true,"href":"https:\/\/ciep.cl\/inicio\/wp-json\/wp\/v2\/categories?post=6854"},{"taxonomy":"post_tag","embeddable":true,"href":"https:\/\/ciep.cl\/inicio\/wp-json\/wp\/v2\/tags?post=6854"}],"curies":[{"name":"wp","href":"https:\/\/api.w.org\/{rel}","templated":true}]}}