{"id":6931,"date":"2023-08-18T12:36:41","date_gmt":"2023-08-18T15:36:41","guid":{"rendered":"http:\/\/www.ciep.cl\/?p=6931"},"modified":"2023-08-18T12:36:41","modified_gmt":"2023-08-18T15:36:41","slug":"municipalidad-de-rio-ibanez-y-ciep-suscriben-alianza-con-foco-en-distintos-ambitos-del-desarrollo-comunal","status":"publish","type":"post","link":"https:\/\/ciep.cl\/inicio\/2023\/08\/18\/municipalidad-de-rio-ibanez-y-ciep-suscriben-alianza-con-foco-en-distintos-ambitos-del-desarrollo-comunal\/","title":{"rendered":"Municipalidad de R\u00edo Ib\u00e1\u00f1ez y CIEP suscriben alianza con foco en distintos \u00e1mbitos del desarrollo comunal"},"content":{"rendered":"\n<p>Municipalidad de R\u00edo Ib\u00e1\u00f1ez y CIEP suscriben alianza con foco en distintos \u00e1mbitos del desarrollo comunal Puerto Ib\u00e1\u00f1ez-. El pasado 3 de agosto, y en medio del Encuentro Comunitario BNP Torres del Avellano en Villa Cerro Castillo, se firm\u00f3 un convenio entre la Municipalidad de R\u00edo Ib\u00e1\u00f1ez y el Centro de Investigaci\u00f3n en Ecosistemas de la Patagonia, con el fin de mejorar la calidad del conocimiento de los ecosistemas locales, y promover su difusi\u00f3n.<\/p>\n\n\n\n<p>El convenio tiene como objetivo el fortalecimiento de las investigaciones por parte de CIEP en retroalimentaci\u00f3n de la Municipalidad de R\u00edo Ib\u00e1\u00f1ez y las herramientas que pueda entregar, a trav\u00e9s de sus funciones relacionadas con la educaci\u00f3n, la cultura, la capacitaci\u00f3n, la promoci\u00f3n del empleo y el fomento productivo; y el turismo, deporte y recreaci\u00f3n.<\/p>\n\n\n\n<p>Donde, adem\u00e1s, se hizo \u00e9nfasis en tres puntos importantes de colaboraci\u00f3n, el primero en el \u00e1mbito cient\u00edfico, que tiene que ver con la ayuda y supervisi\u00f3n de tesis y otros proyectos de estudiantes y grupos de trabajos asociados al CIEP, vinculados con el quehacer de la Municipalidad de R\u00edo Ib\u00e1\u00f1ez.<br \/>El segundo punto, se enfoca en la transferencia del conocimiento, poniendo en valor el patrimonio global, la educaci\u00f3n ambiental y el fortalecimiento de la conciencia sobre estas materias en la comunidad de la Regi\u00f3n de Ays\u00e9n. Sumado a la participaci\u00f3n de los funcionarios municipales en la difusi\u00f3n de las investigaciones y la gesti\u00f3n patrimonial, a trav\u00e9s de seminarios, talleres, charlas, entre otros. El \u00faltimo punto va dirigido a la colaboraci\u00f3n en materia de gesti\u00f3n conjunta en proyectos de investigaci\u00f3n, desarrollo y transferencia que sean de inter\u00e9s mutuo y sirvan a los fines de las respectivas instituciones. Donde ambas partes acuerdan buscar la presentaci\u00f3n y realizaci\u00f3n de proyectos colaborativos que vayan surgiendo de la relaci\u00f3n establecida por este convenio. Desde el CIEP valoran que se haya dado este convenio, que viene a oficializar un trabajo que viene de hace tiempo, y as\u00ed lo se\u00f1al\u00f3 el director ejecutivo (s) de CIEP, C\u00e9sar M\u00e9ndez.<br \/>\u201cEs una formalizaci\u00f3n de estas relaciones, de una forma que se pueda intercambiar informaci\u00f3n de manera transparente, bilateral, y poder compartir datos que sean tanto de la parte cient\u00edfica, como de la parte territorial, para que ambas instituciones se beneficien de esta instancia de compartir datos\u201d. El convenio tendr\u00e1 una duraci\u00f3n de dos a\u00f1os, prorrogables autom\u00e1ticamente por per\u00edodos iguales, salvo que cualquiera de las partes comunique a la otra su decisi\u00f3n de no renovar e1 Convenio, mediante carta certificada enviada al domicilio de la otra parte. Municipalidad de R\u00edo Ib\u00e1\u00f1ez y CIEP suscriben alianza con foco en distintos \u00e1mbitos del desarrollo comunal.\u00a0<\/p>\n","protected":false},"excerpt":{"rendered":"<p>Municipalidad de R\u00edo Ib\u00e1\u00f1ez y CIEP suscriben alianza con foco en distintos \u00e1mbitos del desarrollo comunal Puerto Ib\u00e1\u00f1ez-. El pasado 3 de agosto, y en medio del Encuentro Comunitario BNP Torres del Avellano en Villa Cerro Castillo, se firm\u00f3 un &#8230; <\/p>\n<p class=\"read-more-container\"><a title=\"Municipalidad de R\u00edo Ib\u00e1\u00f1ez y CIEP suscriben alianza con foco en distintos \u00e1mbitos del desarrollo comunal\" class=\"read-more button\" href=\"https:\/\/ciep.cl\/inicio\/2023\/08\/18\/municipalidad-de-rio-ibanez-y-ciep-suscriben-alianza-con-foco-en-distintos-ambitos-del-desarrollo-comunal\/#more-6931\" aria-label=\"Leer m\u00e1s sobre Municipalidad de R\u00edo Ib\u00e1\u00f1ez y CIEP suscriben alianza con foco en distintos \u00e1mbitos del desarrollo comunal\">Leer m\u00e1s<\/a><\/p>\n","protected":false},"author":3,"featured_media":6932,"comment_status":"open","ping_status":"open","sticky":false,"template":"","format":"standard","meta":{"footnotes":""},"categories":[5,64],"tags":[48,46],"class_list":["post-6931","post","type-post","status-publish","format-standard","has-post-thumbnail","hentry","category-noticias","category-turismo-sustentable","tag-cesar-mendez","tag-trace-gale","infinite-scroll-item"],"_links":{"self":[{"href":"https:\/\/ciep.cl\/inicio\/wp-json\/wp\/v2\/posts\/6931","targetHints":{"allow":["GET"]}}],"collection":[{"href":"https:\/\/ciep.cl\/inicio\/wp-json\/wp\/v2\/posts"}],"about":[{"href":"https:\/\/ciep.cl\/inicio\/wp-json\/wp\/v2\/types\/post"}],"author":[{"embeddable":true,"href":"https:\/\/ciep.cl\/inicio\/wp-json\/wp\/v2\/users\/3"}],"replies":[{"embeddable":true,"href":"https:\/\/ciep.cl\/inicio\/wp-json\/wp\/v2\/comments?post=6931"}],"version-history":[{"count":0,"href":"https:\/\/ciep.cl\/inicio\/wp-json\/wp\/v2\/posts\/6931\/revisions"}],"wp:featuredmedia":[{"embeddable":true,"href":"https:\/\/ciep.cl\/inicio\/wp-json\/"}],"wp:attachment":[{"href":"https:\/\/ciep.cl\/inicio\/wp-json\/wp\/v2\/media?parent=6931"}],"wp:term":[{"taxonomy":"category","embeddable":true,"href":"https:\/\/ciep.cl\/inicio\/wp-json\/wp\/v2\/categories?post=6931"},{"taxonomy":"post_tag","embeddable":true,"href":"https:\/\/ciep.cl\/inicio\/wp-json\/wp\/v2\/tags?post=6931"}],"curies":[{"name":"wp","href":"https:\/\/api.w.org\/{rel}","templated":true}]}}