{"id":7380,"date":"2023-11-27T13:25:10","date_gmt":"2023-11-27T16:25:10","guid":{"rendered":"http:\/\/www.ciep.cl\/?p=7380"},"modified":"2023-11-27T13:25:10","modified_gmt":"2023-11-27T16:25:10","slug":"exito-del-taller-introduccion-y-critica-de-la-regulacion-tarifaria-en-sistemas-electricos-medianos-en-chile-y-lanzamiento-de-5-estudios-de-energias-renovables","status":"publish","type":"post","link":"https:\/\/ciep.cl\/inicio\/2023\/11\/27\/exito-del-taller-introduccion-y-critica-de-la-regulacion-tarifaria-en-sistemas-electricos-medianos-en-chile-y-lanzamiento-de-5-estudios-de-energias-renovables\/","title":{"rendered":"\u00c9xito del Taller \u201cIntroducci\u00f3n y cr\u00edtica de la regulaci\u00f3n tarifaria en sistemas el\u00e9ctricos medianos en Chile\u201d y Lanzamiento de 5 estudios de energ\u00edas renovables"},"content":{"rendered":"\n<p>En un esfuerzo por fomentar la comprensi\u00f3n profunda de la regulaci\u00f3n tarifaria en sistemas medianos el\u00e9ctricos y destacar los avances en energ\u00edas renovables, se llev\u00f3 a cabo con gran \u00e9xito el taller \u201cIntroducci\u00f3n y cr\u00edtica de la regulaci\u00f3n tarifaria en sistemas el\u00e9ctricos medianos en chile,\u201d En el marco del Estudio \u201cDiagn\u00f3stico mejoramiento normativo de los sistemas medianos de la regi\u00f3n de Ays\u00e9n.\u201d<\/p>\n\n\n\n<p>Este evento, organizado por El Centro de Investigaciones y Ecosistemas de la Patagonia , CIEP, en colaboraci\u00f3n con la Secretar\u00eda Regional Ministerial de Energ\u00eda de Ays\u00e9n y la Universidad de Ays\u00e9n, reuni\u00f3 a expertos, profesionales del sector energ\u00e9tico, acad\u00e9micos y autoridades sectoriales para explorar y analizar la regulaci\u00f3n tarifaria en el contexto de los sistemas medianos el\u00e9ctricos.<\/p>\n\n\n\n<p>El taller tuvo como objetivo proporcionar un espacio de an\u00e1lisis cr\u00edtico de la regulaci\u00f3n tarifaria espec\u00edfica para sistemas medianos el\u00e9ctricos. Los participantes tuvieron la oportunidad de explorar los fundamentos regulatorios, los principios aplicables y el proceso de fijaci\u00f3n tarifaria.<\/p>\n\n\n\n<p>En ese sentido, el secretario regional ministerial de energ\u00eda, Carlos D\u00edaz, indic\u00f3 \u201d \u201cEl estudio de Diagn\u00f3stico mejoramiento normativo de los sistemas medianos de la regi\u00f3n de Ays\u00e9n, tiene que ver principalmente con cambios estructurales que necesitamos en la regi\u00f3n, no podemos esperar nuevos resultados con las mismas reglas, entonces para tener diferentes resultados, lo que estamos haciendo, es una modificaci\u00f3n legal de los sistemas medianos, algo que lleva 19 a\u00f1os en operaci\u00f3n y ahora estamos haciendo una modificaci\u00f3n mayor al sistema en que se tarifica\u201d.<\/p>\n\n\n\n<h4 class=\"wp-block-heading\"><strong>Lanzamiento de Estudios de energ\u00edas renovables: Un hito en la transici\u00f3n energ\u00e9tica<\/strong><\/h4>\n\n\n\n<p>El taller no s\u00f3lo marc\u00f3 un hito en la discusi\u00f3n sobre regulaci\u00f3n tarifaria en sistemas medianos el\u00e9ctricos, sino que tambi\u00e9n sirvi\u00f3 como plataforma para el lanzamiento de 5 estudios trascendentales en el campo de las energ\u00edas renovables, financiados por el Gobierno Regional de Ays\u00e9n, ejecutados por el CIEP con la colaboraci\u00f3n t\u00e9cnica de la SEREMI de Energ\u00eda y el Alma Mater regional, Universidad de Ays\u00e9n<\/p>\n\n\n\n<p>Estos 5 estudios son : -.Diagn\u00f3stico mejoramiento normativo de los sistemas medianos de la regi\u00f3n de Ays\u00e9n; Estudio de potencial fotovoltaico y e\u00f3lico en cinco sistemas aislados; Investigaci\u00f3n generaci\u00f3n por microcentrales hidroel\u00e9ctricas en la regi\u00f3n de Ays\u00e9n; Vulnerabilidad del suministro de GLP y combustibles en la regi\u00f3n de Ays\u00e9n y Estudio de Producci\u00f3n de biodiesel en la regi\u00f3n de Ays\u00e9n.<\/p>\n\n\n\n<p>Oscar del Solar, en representaci\u00f3n de la gobernadora regional de Ays\u00e9n, Andrea Mac\u00edas, junto con destacar la inversi\u00f3n de aproximadamente 900 millones de pesos por parte del Gobierno Regional y su Consejo para el desarrollo de estos estudios de energ\u00eda renovable, como muestra del compromiso directo del programa establecido por el gobierno regional, tambi\u00e9n enfatiz\u00f3 en la respuesta activa que tiene el programa de la Gobernadora Regional a los desaf\u00edos contempor\u00e1neos, especialmente el cambio clim\u00e1tico.<\/p>\n\n\n\n<p>En esa misma l\u00ednea, el delegado presidencial, Rodrigo Araya, destac\u00f3 la importancia de la realizaci\u00f3n de estos estudios, permitiendo una mayor equidad en materia de energ\u00eda para la regi\u00f3n, generando desde y para la regi\u00f3n, conocimiento fundamental para la toma de decisiones.<\/p>\n\n\n\n<p>Los 5 estudios de energ\u00edas renovables tienen el objetivo de contribuir al entendimiento y desarrollo de pol\u00edticas que impulsen la transici\u00f3n hacia fuentes de energ\u00eda m\u00e1s limpias y sostenibles. Estos estudios no s\u00f3lo ofrecen un an\u00e1lisis detallado de la viabilidad t\u00e9cnica y econ\u00f3mica de la energ\u00eda renovable, sino que tambi\u00e9n plantean preguntas cr\u00edticas sobre el estado actual de algunas iniciativas en curso y sugieren posibles mejoras.<\/p>\n\n\n\n<p>Alexis Catal\u00e1n, subdirector de vinculaci\u00f3n y transferencia del CIEP, subray\u00f3 la importancia de difundir los alcances de estos cinco estudios en la regi\u00f3n, y la necesidad de informar a la comunidad regional y a los actores clave sobre los detalles de estas iniciativas con el objetivo de lograr una mejor pertinencia en el territorio.<\/p>\n\n\n\n<p>\u201cLa comunicaci\u00f3n efectiva de los avances en estos estudios es esencial para sensibilizar a la comunidad sobre su impacto potencial. No solo se trata de realizar investigaciones de alta calidad, sino de asegurarnos de que la informaci\u00f3n llegue a quienes puedan beneficiarse directamente de ella.\u201d Afirm\u00f3.<\/p>\n\n\n\n<p>Por su parte el rector de la Universidad de Ays\u00e9n, Enrique Urra , valor\u00f3 el trabajo intersectorial y la importancia de la investigaci\u00f3n en la toma de decisiones en materia de energ\u00eda.<\/p>\n\n\n\n<p>Durante el taller, se generaron discusiones enriquecedoras y se plantearon preguntas clave sobre el futuro de la regulaci\u00f3n tarifaria y la expansi\u00f3n de las energ\u00edas renovables. La respuesta positiva y el compromiso activo de los participantes destacan la importancia de este tipo de instancias.<\/p>\n\n\n\n<p>Con el \u00e9xito de este taller y el lanzamiento de los 5 estudios de energ\u00edas renovables el Centro de Investigaciones y Ecosistemas de la Patagonia(CIEP), reafirma su compromiso con la investigaci\u00f3n, la educaci\u00f3n y la participaci\u00f3n ciudadana en la construcci\u00f3n de un futuro energ\u00e9tico m\u00e1s sostenible e invita a todos los interesados a unirse al di\u00e1logo continuo sobre el papel vital de las energ\u00edas renovables en nuestra matriz energ\u00e9tica.<\/p>\n","protected":false},"excerpt":{"rendered":"<p>En un esfuerzo por fomentar la comprensi\u00f3n profunda de la regulaci\u00f3n tarifaria en sistemas medianos el\u00e9ctricos y destacar los avances en energ\u00edas renovables, se llev\u00f3 a cabo con gran \u00e9xito el taller \u201cIntroducci\u00f3n y cr\u00edtica de la regulaci\u00f3n tarifaria en &#8230; <\/p>\n<p class=\"read-more-container\"><a title=\"\u00c9xito del Taller \u201cIntroducci\u00f3n y cr\u00edtica de la regulaci\u00f3n tarifaria en sistemas el\u00e9ctricos medianos en Chile\u201d y Lanzamiento de 5 estudios de energ\u00edas renovables\" class=\"read-more button\" href=\"https:\/\/ciep.cl\/inicio\/2023\/11\/27\/exito-del-taller-introduccion-y-critica-de-la-regulacion-tarifaria-en-sistemas-electricos-medianos-en-chile-y-lanzamiento-de-5-estudios-de-energias-renovables\/#more-7380\" aria-label=\"Leer m\u00e1s sobre \u00c9xito del Taller \u201cIntroducci\u00f3n y cr\u00edtica de la regulaci\u00f3n tarifaria en sistemas el\u00e9ctricos medianos en Chile\u201d y Lanzamiento de 5 estudios de energ\u00edas renovables\">Leer m\u00e1s<\/a><\/p>\n","protected":false},"author":3,"featured_media":7381,"comment_status":"open","ping_status":"open","sticky":false,"template":"","format":"standard","meta":{"footnotes":""},"categories":[5],"tags":[],"class_list":["post-7380","post","type-post","status-publish","format-standard","has-post-thumbnail","hentry","category-noticias","infinite-scroll-item"],"_links":{"self":[{"href":"https:\/\/ciep.cl\/inicio\/wp-json\/wp\/v2\/posts\/7380","targetHints":{"allow":["GET"]}}],"collection":[{"href":"https:\/\/ciep.cl\/inicio\/wp-json\/wp\/v2\/posts"}],"about":[{"href":"https:\/\/ciep.cl\/inicio\/wp-json\/wp\/v2\/types\/post"}],"author":[{"embeddable":true,"href":"https:\/\/ciep.cl\/inicio\/wp-json\/wp\/v2\/users\/3"}],"replies":[{"embeddable":true,"href":"https:\/\/ciep.cl\/inicio\/wp-json\/wp\/v2\/comments?post=7380"}],"version-history":[{"count":0,"href":"https:\/\/ciep.cl\/inicio\/wp-json\/wp\/v2\/posts\/7380\/revisions"}],"wp:featuredmedia":[{"embeddable":true,"href":"https:\/\/ciep.cl\/inicio\/wp-json\/"}],"wp:attachment":[{"href":"https:\/\/ciep.cl\/inicio\/wp-json\/wp\/v2\/media?parent=7380"}],"wp:term":[{"taxonomy":"category","embeddable":true,"href":"https:\/\/ciep.cl\/inicio\/wp-json\/wp\/v2\/categories?post=7380"},{"taxonomy":"post_tag","embeddable":true,"href":"https:\/\/ciep.cl\/inicio\/wp-json\/wp\/v2\/tags?post=7380"}],"curies":[{"name":"wp","href":"https:\/\/api.w.org\/{rel}","templated":true}]}}