{"id":7383,"date":"2023-11-27T17:08:10","date_gmt":"2023-11-27T20:08:10","guid":{"rendered":"http:\/\/www.ciep.cl\/?p=7383"},"modified":"2023-11-27T17:08:10","modified_gmt":"2023-11-27T20:08:10","slug":"valorizacion-de-la-reserva-de-la-biosfera-laguna-san-rafael-y-el-guayaneco","status":"publish","type":"post","link":"https:\/\/ciep.cl\/inicio\/2023\/11\/27\/valorizacion-de-la-reserva-de-la-biosfera-laguna-san-rafael-y-el-guayaneco\/","title":{"rendered":"Valorizaci\u00f3n de la Reserva de la Bi\u00f3sfera Laguna San Rafael y El Guayaneco"},"content":{"rendered":"\n<p><em>Encuentro cultural reuni\u00f3 a artistas, investigadores y expertos del sector p\u00fablico para poner en valor el patrimonio cultural de la Reserva de la Bi\u00f3sfera del territorio aysenino.&nbsp;<\/em><\/p>\n\n\n\n<p>El pasado jueves 16 y viernes 17 de noviembre se llev\u00f3 a cabo el Seminario \u201cMarco conceptual de las Reservas de la Bi\u00f3sfera de la Unesco\u201d, gracias al impulso y financiamiento del Gobierno Regional de Ays\u00e9n y su Consejo a trav\u00e9s del Fondo de Innovaci\u00f3n para la Competitividad (FIC), organizado por el Centro de Investigaci\u00f3n en Ecosistemas de la Patagonia (CIEP) con colaboraci\u00f3n de CONAF, Estaci\u00f3n Patagonia UC, ONG Aumen, Corporaci\u00f3n Chelenko, CODESA y la Universidad Grenoble Alpes, donde se abordaron diversos temas con el objetivo de dar a conocer experiencias y apoyar la implementaci\u00f3n de este instrumento de conservaci\u00f3n en la regi\u00f3n de Ays\u00e9n.<\/p>\n\n\n\n<p>Durante las dos jornadas el antrop\u00f3logo e investigador franc\u00e9s Dr. Franck Michel revis\u00f3 casos internacionales de implementaci\u00f3n de medidas por parte de la Unesco para apoyar el desarrollo sostenible basadas en el turismo en las Reservas de la Bi\u00f3sfera de la UNESCO, las cu\u00e1les basan su principal patrimonio en el intangible, la cultura y ecosistemas. Adem\u00e1s cont\u00f3 con la presencia del importante Lof Rukathraru Lorenzo Aillap\u00e1n, conocido tambi\u00e9n como el \u201chombre p\u00e1jaro\u201d un patrimonio vivo de la cultura mapuche, la cu\u00e1l conserva y transmite por medio del relato de poes\u00edas y sonidos, tanto en espa\u00f1ol, como mapudungun, junto a \u00e9l Lof Nechifcue Cristi\u00e1n Cayup\u00e1n, quienes conjuntamente se refirieron a la ontolog\u00eda Mapuche y el patrimonio intangible.&nbsp;<\/p>\n\n\n\n<figure class=\"wp-block-gallery columns-2 is-cropped wp-block-gallery-1 is-layout-flex wp-block-gallery-is-layout-flex\"><ul class=\"blocks-gallery-grid\"><li class=\"blocks-gallery-item\"><figure><img decoding=\"async\" src=\"http:\/\/www.ciep.cl\/wp-content\/uploads\/2023\/11\/20231117_191637-1-1024x1024.jpg\" alt=\"\" data-id=\"7388\" data-full-url=\"http:\/\/www.ciep.cl\/wp-content\/uploads\/2023\/11\/20231117_191637-1-scaled.jpg\" data-link=\"http:\/\/www.ciep.cl\/?attachment_id=7388\" class=\"wp-image-7388\"\/><\/figure><\/li><li class=\"blocks-gallery-item\"><figure><img decoding=\"async\" src=\"http:\/\/www.ciep.cl\/wp-content\/uploads\/2023\/11\/20231116_182716-1-1024x1024.jpg\" alt=\"\" data-id=\"7389\" data-full-url=\"http:\/\/www.ciep.cl\/wp-content\/uploads\/2023\/11\/20231116_182716-1-scaled.jpg\" data-link=\"http:\/\/www.ciep.cl\/?attachment_id=7389\" class=\"wp-image-7389\"\/><\/figure><\/li><\/ul><\/figure>\n\n\n\n<p>Durante la jornada del viernes por la ma\u00f1ana, se cont\u00f3 con la presencia de diversas autoridades regionales, como representante de la Gobernadora Regional de Ays\u00e9n, Francisco Lara,&nbsp; Seremi de Medio Ambiente, Yoal D\u00edaz, Seremi de Bienes Nacionales Irina Morend, Seremi de Econom\u00eda, Felipe Rojas, director regional de Sernatur, Claudio Montecino, directora (s) de CONAF Andrea Bahamonde y director ejecutivo de CIEP Giovanni Daneri. Posteriormente se iniciaron las presentaciones Seremi de Medio Ambiente sobre la Ley 21.600, la cual crea el Servicio de Biodiversidad y \u00c1reas Protegidas y el Sistema Nacional de \u00c1reas Protegidas, el cual reconoce como instrumento de conservaci\u00f3n de la biodiversidad a las Reservas de la Biosfera reconocidas por la UNESCO, luego desde CONAF abordaron las Reservas de las Bi\u00f3sferas, marco actual de desarrollo de este instrumento en el pa\u00eds. Desde CIEP se expuso el proyecto FIC que tiene como fin apoyar la implementaci\u00f3n de la Reserva de la Bi\u00f3sfera Laguna San Rafael y el Guayaneco. Mauricio Osorio, antrop\u00f3logo social, abord\u00f3 el origen del Parque Nacional y Reserva de la Bi\u00f3sfera. Posteriormente, en un bloque de cuatro exposiciones se presentaron los casos de las Reservas de la Bi\u00f3sferas de Chile; Fray Jorge, Campana-Pe\u00f1uelas, Cabo de Hornos y Corredor Biol\u00f3gico Nevados de Chill\u00e1n &#8211; Laguna del Laja. Quienes cerraron esta jornada fueron el director del proyecto e investigador del CIEP Dr. Fabien Bourlon, relatando sobre modelos internacionales de gobernanza en este tipo de reservas de la Unesco, y se finaliz\u00f3 con una presentaci\u00f3n de mapas del territorio y propuestas para el modelo de Gobernanza desde la investigadora Dra. Virginia Carter (PUC) quien colabora en el proyecto FIC.<\/p>\n\n\n\n<figure class=\"wp-block-gallery columns-3 is-cropped wp-block-gallery-2 is-layout-flex wp-block-gallery-is-layout-flex\"><ul class=\"blocks-gallery-grid\"><li class=\"blocks-gallery-item\"><figure><img decoding=\"async\" src=\"http:\/\/www.ciep.cl\/wp-content\/uploads\/2023\/11\/DJI_0949-1024x645.jpg\" alt=\"\" data-id=\"7399\" data-full-url=\"http:\/\/www.ciep.cl\/wp-content\/uploads\/2023\/11\/DJI_0949-scaled.jpg\" data-link=\"http:\/\/www.ciep.cl\/2023\/11\/27\/valorizacion-de-la-reserva-de-la-biosfera-laguna-san-rafael-y-el-guayaneco\/dcim100mediadji_0949-jpg\/\" class=\"wp-image-7399\"\/><figcaption class=\"blocks-gallery-item__caption\">DCIM\\100MEDIA\\DJI_0949.JPG<\/figcaption><\/figure><\/li><li class=\"blocks-gallery-item\"><figure><img decoding=\"async\" src=\"http:\/\/www.ciep.cl\/wp-content\/uploads\/2023\/11\/DJI_0956-1024x768.jpg\" alt=\"\" data-id=\"7400\" data-full-url=\"http:\/\/www.ciep.cl\/wp-content\/uploads\/2023\/11\/DJI_0956.jpg\" data-link=\"http:\/\/www.ciep.cl\/2023\/11\/27\/valorizacion-de-la-reserva-de-la-biosfera-laguna-san-rafael-y-el-guayaneco\/dji_0956\/\" class=\"wp-image-7400\"\/><\/figure><\/li><li class=\"blocks-gallery-item\"><figure><img decoding=\"async\" src=\"http:\/\/www.ciep.cl\/wp-content\/uploads\/2023\/11\/DJI_0962-1024x768.jpg\" alt=\"\" data-id=\"7401\" data-full-url=\"http:\/\/www.ciep.cl\/wp-content\/uploads\/2023\/11\/DJI_0962.jpg\" data-link=\"http:\/\/www.ciep.cl\/2023\/11\/27\/valorizacion-de-la-reserva-de-la-biosfera-laguna-san-rafael-y-el-guayaneco\/dji_0962\/\" class=\"wp-image-7401\"\/><\/figure><\/li><\/ul><\/figure>\n\n\n\n<p><strong>Encuentro entorno a la Reserva de la Bi\u00f3sfera&nbsp;<\/strong><\/p>\n\n\n\n<p>Durante la jornada de la tarde, del viernes 17 de noviembre, hubo presentaciones art\u00edsticas como los m\u00fasicos Vientos del Chelenko, Lorenzo Aillap\u00e1n \u201chombre p\u00e1jaro\u201d, un conversatorio sobre la Reserva de la Bi\u00f3sfera de Ays\u00e9n, crisis socioambiental global, desaf\u00edos y oportunidades, liderado por Fabien Bourlon y Patricio Segura de la Corporaci\u00f3n Privada de Desarrollo Sustentable (CODESA), adem\u00e1s de profundizar m\u00e1s en la ontolog\u00eda Mapuche, y disfrutar de una feria de libros sobre patrimonio y cultura de la Regi\u00f3n de Ays\u00e9n con la contribuci\u00f3n de la Biblioteca Regional de Ays\u00e9n.<\/p>\n\n\n\n<p>Para director del proyecto e investigador residente de CIEP este seminario marc\u00f3 un hito de importancia para la Reserva de la Bi\u00f3sfera; \u201cEl seminario fue muy relevante, en primer lugar siendo que el d\u00eda 16 sesion\u00f3 por primera vez un grupo n\u00facleo del Comit\u00e9 de Gesti\u00f3n, el cual presidi\u00f3 la Gobernadora Regional, con la participaci\u00f3n de directores de servicios p\u00fablicos, junto a organizaciones de la sociedad civil y el CIEP. El espacio formativo sobre las reservas de la biosfera, los debates y la participaci\u00f3n de unos 100 actores regionales muestra la relevancia de esta reserva de la biosfera para fortalecer el desarrollo sociocultural y econ\u00f3mico de la regi\u00f3n\u201d.<\/p>\n\n\n\n<p>Finalmente, queremos agradecer a todos los actores que han apoyado la realizaci\u00f3n de este encuentro y la ejecuci\u00f3n del proyecto FIC, como son el Gobierno Regional de Ays\u00e9n, desde sus Divisiones de Fomento e Industria; y de Planificaci\u00f3n y Desarrollo Regional, junto al Consejo Regional, a la Corporaci\u00f3n Nacional Forestal, la ONG AUMEN, la Pontificia Universidad Cat\u00f3lica de Chile, la Corporaci\u00f3n ZOIT Chelenko y&nbsp; Corporaci\u00f3n Los Glaciares, CODESA, Universidad de Grenoble Alpes, la Universidad Cat\u00f3lica de Valpara\u00edso, Centro CEAZA, Centro Internacional Cabo de Hornos y la Universidad de Ays\u00e9n mediante el proyecto FIC del antrop\u00f3logo social Mauricio Osorio.<\/p>\n\n\n\n<figure class=\"wp-block-gallery columns-3 is-cropped wp-block-gallery-3 is-layout-flex wp-block-gallery-is-layout-flex\"><ul class=\"blocks-gallery-grid\"><li class=\"blocks-gallery-item\"><figure><img decoding=\"async\" src=\"http:\/\/www.ciep.cl\/wp-content\/uploads\/2023\/11\/DJI_0961-1024x768.jpg\" alt=\"\" data-id=\"7395\" data-link=\"http:\/\/www.ciep.cl\/2023\/11\/27\/valorizacion-de-la-reserva-de-la-biosfera-laguna-san-rafael-y-el-guayaneco\/dcim100mediadji_0961-jpg\/\" class=\"wp-image-7395\"\/><figcaption class=\"blocks-gallery-item__caption\">DCIM\\100MEDIA\\DJI_0961.JPG<\/figcaption><\/figure><\/li><li class=\"blocks-gallery-item\"><figure><img decoding=\"async\" src=\"http:\/\/www.ciep.cl\/wp-content\/uploads\/2023\/11\/DJI_0979-1024x768.jpg\" alt=\"\" data-id=\"7396\" data-full-url=\"http:\/\/www.ciep.cl\/wp-content\/uploads\/2023\/11\/DJI_0979.jpg\" data-link=\"http:\/\/www.ciep.cl\/2023\/11\/27\/valorizacion-de-la-reserva-de-la-biosfera-laguna-san-rafael-y-el-guayaneco\/dji_0979\/\" class=\"wp-image-7396\"\/><\/figure><\/li><li class=\"blocks-gallery-item\"><figure><img decoding=\"async\" src=\"http:\/\/www.ciep.cl\/wp-content\/uploads\/2023\/11\/DJI_0990-1024x768.jpg\" alt=\"\" data-id=\"7397\" data-full-url=\"http:\/\/www.ciep.cl\/wp-content\/uploads\/2023\/11\/DJI_0990.jpg\" data-link=\"http:\/\/www.ciep.cl\/2023\/11\/27\/valorizacion-de-la-reserva-de-la-biosfera-laguna-san-rafael-y-el-guayaneco\/dji_0990\/\" class=\"wp-image-7397\"\/><\/figure><\/li><\/ul><\/figure>\n","protected":false},"excerpt":{"rendered":"<p>Encuentro cultural reuni\u00f3 a artistas, investigadores y expertos del sector p\u00fablico para poner en valor el patrimonio cultural de la Reserva de la Bi\u00f3sfera del territorio aysenino.&nbsp; El pasado jueves 16 y viernes 17 de noviembre se llev\u00f3 a cabo &#8230; <\/p>\n<p class=\"read-more-container\"><a title=\"Valorizaci\u00f3n de la Reserva de la Bi\u00f3sfera Laguna San Rafael y El Guayaneco\" class=\"read-more button\" href=\"https:\/\/ciep.cl\/inicio\/2023\/11\/27\/valorizacion-de-la-reserva-de-la-biosfera-laguna-san-rafael-y-el-guayaneco\/#more-7383\" aria-label=\"Leer m\u00e1s sobre Valorizaci\u00f3n de la Reserva de la Bi\u00f3sfera Laguna San Rafael y El Guayaneco\">Leer m\u00e1s<\/a><\/p>\n","protected":false},"author":3,"featured_media":7398,"comment_status":"closed","ping_status":"closed","sticky":false,"template":"","format":"standard","meta":{"footnotes":""},"categories":[5,64],"tags":[42],"class_list":["post-7383","post","type-post","status-publish","format-standard","has-post-thumbnail","hentry","category-noticias","category-turismo-sustentable","tag-fabien-bourlon","infinite-scroll-item"],"_links":{"self":[{"href":"https:\/\/ciep.cl\/inicio\/wp-json\/wp\/v2\/posts\/7383","targetHints":{"allow":["GET"]}}],"collection":[{"href":"https:\/\/ciep.cl\/inicio\/wp-json\/wp\/v2\/posts"}],"about":[{"href":"https:\/\/ciep.cl\/inicio\/wp-json\/wp\/v2\/types\/post"}],"author":[{"embeddable":true,"href":"https:\/\/ciep.cl\/inicio\/wp-json\/wp\/v2\/users\/3"}],"replies":[{"embeddable":true,"href":"https:\/\/ciep.cl\/inicio\/wp-json\/wp\/v2\/comments?post=7383"}],"version-history":[{"count":0,"href":"https:\/\/ciep.cl\/inicio\/wp-json\/wp\/v2\/posts\/7383\/revisions"}],"wp:featuredmedia":[{"embeddable":true,"href":"https:\/\/ciep.cl\/inicio\/wp-json\/"}],"wp:attachment":[{"href":"https:\/\/ciep.cl\/inicio\/wp-json\/wp\/v2\/media?parent=7383"}],"wp:term":[{"taxonomy":"category","embeddable":true,"href":"https:\/\/ciep.cl\/inicio\/wp-json\/wp\/v2\/categories?post=7383"},{"taxonomy":"post_tag","embeddable":true,"href":"https:\/\/ciep.cl\/inicio\/wp-json\/wp\/v2\/tags?post=7383"}],"curies":[{"name":"wp","href":"https:\/\/api.w.org\/{rel}","templated":true}]}}