{"id":7540,"date":"2024-01-18T10:23:04","date_gmt":"2024-01-18T13:23:04","guid":{"rendered":"http:\/\/www.ciep.cl\/?p=7540"},"modified":"2024-01-18T10:23:04","modified_gmt":"2024-01-18T13:23:04","slug":"ciep-consolida-su-liderazgo-en-la-conservacion-ambiental-en-chile-en-el-encuentro-nacional-de-gestores-de-reservas-de-la-biosfera","status":"publish","type":"post","link":"https:\/\/ciep.cl\/inicio\/2024\/01\/18\/ciep-consolida-su-liderazgo-en-la-conservacion-ambiental-en-chile-en-el-encuentro-nacional-de-gestores-de-reservas-de-la-biosfera\/","title":{"rendered":"CIEP CONSOLIDA SU LIDERAZGO EN LA CONSERVACI\u00d3N AMBIENTAL EN CHILE EN EL ENCUENTRO NACIONAL DE GESTORES DE RESERVAS DE LA BI\u00d3SFERA"},"content":{"rendered":"\n<p><\/p>\n\n\n\n<p>&nbsp;El Centro de Investigaci\u00f3n en Ecosistemas de la Patagonia (CIEP) tuvo una destacada participaci\u00f3n en el reciente Encuentro de Gestores y Gestoras de la Red de Reservas de la Bi\u00f3sfera de Chile, en Curacaut\u00edn&nbsp;regi\u00f3n de la Auracan\u00eda. Un evento trascendental organizado por CONAF y UNESCO.  El CIEP represent\u00f3 a la regi\u00f3n de Ays\u00e9n, con el proyecto insignia \u00abEstudio de la Resiliencia, Sustentabilidad y Valorizaci\u00f3n de la Reserva de la Bi\u00f3sfera LSR-G, Ays\u00e9n\u00bb. financiado por el Gobierno regional de Ays\u00e9n y su consejo.<\/p>\n\n\n\n<p>El encuentro reuni\u00f3 a representantes de todo el pa\u00eds para abordar los desaf\u00edos ambientales, fortalecer l\u00edneas de trabajo y concretar alianzas p\u00fablico-privadas con el objetivo de impulsar una gesti\u00f3n participativa en la preservaci\u00f3n ambiental.<\/p>\n\n\n\n<figure class=\"wp-block-image size-large\"><img decoding=\"async\" src=\"http:\/\/www.ciep.cl\/wp-content\/uploads\/2024\/01\/WhatsApp-Image-2024-01-12-at-9.57.32-AM-1024x768.jpeg\" alt=\"\" class=\"wp-image-7543\"\/><\/figure>\n\n\n\n<p>El Dr. Fabien Bourlon, Investigador residente y responsable del \u00e1rea de Turismo Cient\u00edfico del Departamento de Turismo Sustentable del CIEP, comparti\u00f3 los avances del proyecto durante la instancia. Este intercambio se llev\u00f3 a cabo en colaboraci\u00f3n con representantes de otras 12 regiones y 10 Reservas de la Bi\u00f3sfera de todo el territorio nacional. La presentaci\u00f3n no solo resalt\u00f3 la importancia de la Reserva de la Bi\u00f3sfera LSR-G en Ays\u00e9n, sino que tambi\u00e9n contribuy\u00f3 a la construcci\u00f3n de redes y alianzas estrat\u00e9gicas esenciales para enfrentar los desaf\u00edos medioambientales de manera colaborativa.<\/p>\n\n\n\n<p>La participaci\u00f3n del CIEP fue fundamental para fomentar el intercambio de conocimientos y experiencias, consolidando as\u00ed su compromiso con la preservaci\u00f3n y valorizaci\u00f3n de su entorno natural. El evento sirvi\u00f3 como plataforma para destacar el papel crucial de la Reserva de la Bi\u00f3sfera LSR-G y para promover la importancia de la colaboraci\u00f3n entre actores p\u00fablicos y privados en la conservaci\u00f3n ambiental.<\/p>\n\n\n\n<p>En palabras del Dr. Fabien Bourlon, \u00ab<em>Este encuentro ha sido una oportunidad valiosa para compartir nuestros avances y desaf\u00edos en la gesti\u00f3n sostenible de la Reserva de la Bi\u00f3sfera LSR-G. Estamos comprometidos con la construcci\u00f3n de alianzas s\u00f3lidas que impulsen la preservaci\u00f3n ambiental y promuevan un futuro sostenible para nuestra regi\u00f3n\u00bb.<\/em><\/p>\n\n\n\n<figure class=\"wp-block-gallery columns-2 is-cropped wp-block-gallery-1 is-layout-flex wp-block-gallery-is-layout-flex\"><ul class=\"blocks-gallery-grid\"><li class=\"blocks-gallery-item\"><figure><img decoding=\"async\" src=\"http:\/\/www.ciep.cl\/wp-content\/uploads\/2024\/03\/WhatsApp-Image-2024-03-04-at-14.27.15-1-768x1024.jpeg\" alt=\"\" data-id=\"7811\" data-full-url=\"http:\/\/www.ciep.cl\/wp-content\/uploads\/2024\/03\/WhatsApp-Image-2024-03-04-at-14.27.15-1.jpeg\" data-link=\"http:\/\/www.ciep.cl\/2024\/01\/18\/ciep-consolida-su-liderazgo-en-la-conservacion-ambiental-en-chile-en-el-encuentro-nacional-de-gestores-de-reservas-de-la-biosfera\/whatsapp-image-2024-03-04-at-14-27-15-1\/\" class=\"wp-image-7811\"\/><\/figure><\/li><li class=\"blocks-gallery-item\"><figure><img decoding=\"async\" src=\"http:\/\/www.ciep.cl\/wp-content\/uploads\/2024\/01\/WhatsApp-Image-2024-01-12-at-9.55.49-AM-1-1024x768.jpeg\" alt=\"\" data-id=\"7546\" data-full-url=\"http:\/\/www.ciep.cl\/wp-content\/uploads\/2024\/01\/WhatsApp-Image-2024-01-12-at-9.55.49-AM-1.jpeg\" data-link=\"http:\/\/www.ciep.cl\/2024\/01\/18\/ciep-consolida-su-liderazgo-en-la-conservacion-ambiental-en-chile-en-el-encuentro-nacional-de-gestores-de-reservas-de-la-biosfera\/whatsapp-image-2024-01-12-at-9-55-49-am-1\/\" class=\"wp-image-7546\"\/><\/figure><\/li><\/ul><\/figure>\n\n\n\n<p>Por su parte la Andrea Bahamonde Valenzuela, jefa Depto \u00c1reas Silvestres Protegidas CONAF AYSEN indic\u00f3 <em>\u201cEl Encuentro de Gestores y Gestoras de la Red de Reservas de Biosfera de Chile organizado por CONAF y UNESCO fue una tremenda experiencia de aprendizaje e intercambio de informaci\u00f3n que entregaron las 10 Reservas de Biosfera establecidas en nuestro pa\u00eds. &nbsp;La asistencia a este encuentro, nos permiti\u00f3 visualizar el trabajo p\u00fablico-privado que se est\u00e1 realizando para la gesti\u00f3n sustentable de estos territorios los que nos colaborar\u00e1 en la gesti\u00f3n de la Reserva de Biosfera Parque Nacional Laguna San Rafael y El Guayaneco que poseemos en la regi\u00f3n, lo que es un gran desaf\u00edo, debido a la gran extensi\u00f3n territorial que posee (5.130.462 hect\u00e1reas) y la articulaci\u00f3n que ello conlleva\u201d.<\/em><\/p>\n\n\n\n<p>La participaci\u00f3n del CIEP en este encuentro consolida su posici\u00f3n como l\u00edder en la investigaci\u00f3n y gesti\u00f3n de ecosistemas en la regi\u00f3n de Ays\u00e9n, reafirmando su compromiso con la conservaci\u00f3n, el desarrollo sostenible y con la misi\u00f3n de estrechar lazos significativos entre la investigaci\u00f3n cient\u00edfica y la comunidad, promoviendo la conciencia ambiental y construyendo puentes s\u00f3lidos para una gesti\u00f3n ambiental participativa y sostenible.<\/p>\n\n\n\n<p><\/p>\n","protected":false},"excerpt":{"rendered":"<p>\u00a0El Centro de Investigaci\u00f3n en Ecosistemas de la Patagonia (CIEP) tuvo una destacada participaci\u00f3n en el reciente Encuentro de Gestores y Gestoras de la Red de Reservas de la Bi\u00f3sfera de Chile, en Curacaut\u00edn\u00a0regi\u00f3n de la Auracan\u00eda. Un evento trascendental organizado por CONAF y UNESCO. El CIEP represent\u00f3 a la regi\u00f3n de Ays\u00e9n, con el proyecto insignia \u00abEstudio de la Resiliencia, Sustentabilidad y Valorizaci\u00f3n de la Reserva de la Bi\u00f3sfera LSR-G, Ays\u00e9n\u00bb. financiado por el Gobierno regional de Ays\u00e9n y su consejo.<\/p>\n","protected":false},"author":3,"featured_media":7809,"comment_status":"open","ping_status":"open","sticky":false,"template":"","format":"standard","meta":{"footnotes":""},"categories":[5,64],"tags":[],"class_list":["post-7540","post","type-post","status-publish","format-standard","has-post-thumbnail","hentry","category-noticias","category-turismo-sustentable","infinite-scroll-item"],"_links":{"self":[{"href":"https:\/\/ciep.cl\/inicio\/wp-json\/wp\/v2\/posts\/7540","targetHints":{"allow":["GET"]}}],"collection":[{"href":"https:\/\/ciep.cl\/inicio\/wp-json\/wp\/v2\/posts"}],"about":[{"href":"https:\/\/ciep.cl\/inicio\/wp-json\/wp\/v2\/types\/post"}],"author":[{"embeddable":true,"href":"https:\/\/ciep.cl\/inicio\/wp-json\/wp\/v2\/users\/3"}],"replies":[{"embeddable":true,"href":"https:\/\/ciep.cl\/inicio\/wp-json\/wp\/v2\/comments?post=7540"}],"version-history":[{"count":0,"href":"https:\/\/ciep.cl\/inicio\/wp-json\/wp\/v2\/posts\/7540\/revisions"}],"wp:featuredmedia":[{"embeddable":true,"href":"https:\/\/ciep.cl\/inicio\/wp-json\/"}],"wp:attachment":[{"href":"https:\/\/ciep.cl\/inicio\/wp-json\/wp\/v2\/media?parent=7540"}],"wp:term":[{"taxonomy":"category","embeddable":true,"href":"https:\/\/ciep.cl\/inicio\/wp-json\/wp\/v2\/categories?post=7540"},{"taxonomy":"post_tag","embeddable":true,"href":"https:\/\/ciep.cl\/inicio\/wp-json\/wp\/v2\/tags?post=7540"}],"curies":[{"name":"wp","href":"https:\/\/api.w.org\/{rel}","templated":true}]}}