{"id":7799,"date":"2024-02-28T10:48:15","date_gmt":"2024-02-28T13:48:15","guid":{"rendered":"http:\/\/www.ciep.cl\/?p=7799"},"modified":"2024-02-28T10:48:15","modified_gmt":"2024-02-28T13:48:15","slug":"pueblos-indigenas-participaran-en-la-elaboracion-del-primer-plan-de-adaptacion-al-cambio-climatico-en-recursos-hidricos","status":"publish","type":"post","link":"https:\/\/ciep.cl\/inicio\/2024\/02\/28\/pueblos-indigenas-participaran-en-la-elaboracion-del-primer-plan-de-adaptacion-al-cambio-climatico-en-recursos-hidricos\/","title":{"rendered":"Pueblos ind\u00edgenas participar\u00e1n en la elaboraci\u00f3n del primer Plan de Adaptaci\u00f3n al Cambio Clim\u00e1tico en Recursos H\u00eddricos"},"content":{"rendered":"\n<p><strong>Los talleres de participaci\u00f3n ciudadana para los 11 pueblos ind\u00edgenas comienzan en marzo, y buscan conocer e integrar experiencias y conocimientos multiculturales para el Anteproyecto del Plan. Las inscripciones est\u00e1n abiertas en el sitio web de la Direcci\u00f3n General de Aguas del MOP.<\/strong><\/p>\n\n\n\n<p><\/p>\n\n\n\n<p>La elaboraci\u00f3n del Plan de Adaptaci\u00f3n al Cambio Clim\u00e1tico para el sector de los Recursos H\u00eddricos que lidera la Direcci\u00f3n General de Aguas del Ministerio de Obras P\u00fablicas (MOP) con apoyo de la Organizaci\u00f3n de las Naciones Unidas para la Alimentaci\u00f3n y la Agricultura, FAO, tiene como prop\u00f3sito establecer medidas para enfrentar los efectos adversos del cambio clim\u00e1tico en el sector.<\/p>\n\n\n\n<p>En su elaboraci\u00f3n el Plan avanza a una tercera fase de participaci\u00f3n ciudadana, convocando a los 11 pueblos ind\u00edgenas reconocidos por ley. Anteriormente se desarroll\u00f3 una encuesta de opini\u00f3n virtual y recopilaci\u00f3n de antecedentes, y talleres virtuales por macrozona abiertos a toda la comunidad.<\/p>\n\n\n\n<p>Los tallares se realizar\u00e1n durante los meses de marzo y abril de manera presencial y en distintas ciudades del pa\u00eds. En las instancias participar\u00e1n los pueblos: Aimara, Quechua, Atacame\u00f1o, Colla, Chango, Diaguita, Rapa Nui, Mapuche, Yag\u00e1n, Kawashkar y Selk\u2019Nam. Las inscripciones para los representantes de comunidades y organizaciones ind\u00edgenas se pueden realizar desde ya en el <a href=\"https:\/\/snia.mop.gob.cl\/pacc-rh\/inicio.\"><u>sitio web de Direcci\u00f3n General de Aguas<\/u><\/a>.<\/p>\n\n\n\n<p>La Ley Marco de Cambio Clim\u00e1tico establece, en su art\u00edculo 34, que la participaci\u00f3n ciudadana en la gesti\u00f3n del cambio clim\u00e1tico debe tener especial consideraci\u00f3n con los sectores y comunidades vulnerables, aplicando un enfoque de multiculturalidad y g\u00e9nero. Desde esa perspectiva se elabora el Plan de Adaptaci\u00f3n al Cambio Clim\u00e1tico para el sector de los Recursos H\u00eddricos, promoviendo&nbsp;su participaci\u00f3n efectiva, para contribuir desde su dimensi\u00f3n identitaria y de cosmovisi\u00f3n en la generaci\u00f3n de medidas para reducir la vulnerabilidad y aumentar la capacidad de resiliencia frente a los impactos del cambio clim\u00e1tico en los recursos h\u00eddricos a nivel pa\u00eds.<\/p>\n\n\n\n<p>Rodrigo Sanhueza, Director General de Aguas del MOP, destac\u00f3 la importancia de la participaci\u00f3n activa de los pueblos en la elaboraci\u00f3n del Anteproyecto del Plan. \u201cSu participaci\u00f3n es relevante para avanzar en seguridad h\u00eddrica. Esto permitir\u00e1 reconocer su interrelaci\u00f3n con el agua, considerando su entorno, modos de vida y actividades productivas. Esclarecer\u00e1 los impactos del cambio clim\u00e1tico a partir de sus propias voces, considerando sus pr\u00e1cticas y contribuciones universales al manejo sustentable del agua\u201d, sostuvo.<\/p>\n\n\n\n<p><strong>Relevancia de los pueblos ind\u00edgenas en el proceso<\/strong><strong><\/strong><\/p>\n\n\n\n<p>Los pueblos ind\u00edgenas son actores clave en la gobernanza del cambio clim\u00e1tico y, por tanto, su participaci\u00f3n es fundamental para establecer pol\u00edticas interculturales de adaptaci\u00f3n. La coordinadora de la FAO en el Plan, Irene Bernaus, destac\u00f3 que \u201clos pueblos ind\u00edgenas enfrentan desigualdades resultado de largos procesos sociales, hist\u00f3ricos, culturales y econ\u00f3micos que han valorado escasamente su gran potencial y enorme riqueza de saberes ancestrales. En la FAO, y en el marco de los diversos compromisos internacionales en materia de derechos humanos, destacamos no s\u00f3lo que su participaci\u00f3n es crucial, sino que es determinante en la acci\u00f3n clim\u00e1tica y en la lucha contra la escasez h\u00eddrica, el hambre y la desnutrici\u00f3n\u201d.<\/p>\n\n\n\n<p>En cuanto a los compromisos internacionales, la Cuarta Comunicaci\u00f3n Nacional de Chile ante la Convenci\u00f3n Marco de las Naciones Unidas sobre Cambio Clim\u00e1tico (CMNUCC, 2021) reconoce a los pueblos ind\u00edgenas como una poblaci\u00f3n vulnerable, y reporta la importancia de su inclusi\u00f3n en las diversas estrategias de adaptaci\u00f3n. Asimismo, el Acuerdo de Par\u00eds, ratificado por el pa\u00eds en 2017, promueve el respeto de los derechos de los pueblos ind\u00edgenas y la consideraci\u00f3n de sus conocimientos.<\/p>\n\n\n\n<p><strong>\u00bfC\u00f3mo participar?<\/strong><strong><\/strong><\/p>\n\n\n\n<p>Las y los representantes de las comunidades y organizaciones de 11 pueblos deben inscribirse en la p\u00e1gina web de la Direcci\u00f3n General de Aguas, espec\u00edficamente en https:\/\/snia.mop.gob.cl\/pacc-rh\/talleres-participativos-pueblos-indigenas, donde est\u00e1 calendarizado de cada taller por pueblo.<\/p>\n\n\n\n<p>El primero inicia el 4 de marzo para el pueblo Aimara en Arica y el 6 de marzo en Iquique, mientras que ese mismo d\u00eda (6 de marzo) tendr\u00e1 tambi\u00e9n el encuentro del pueblo Quechua en Iquique.<\/p>\n\n\n\n<p>El 7 de marzo, en San Pedro de Atacama, ser\u00e1 el turno del pueblo Atacame\u00f1o y el 12 de marzo, en Copiap\u00f3, se reunir\u00e1 el pueblo Colla. El 13 de marzo se realizar\u00e1 en Vallenar el taller del pueblo Chango y el lunes 15, en La Serena, estar\u00e1 convocado el pueblo Diaguita.<\/p>\n\n\n\n<p>Los talleres del pueblo Mapuche est\u00e1n programados para el 12 de marzo en Temuco y el 14 de marzo en Castro. En tanto que, para el 18 de marzo est\u00e1 programado el taller del pueblo Yag\u00e1n en Puerto Williams y el 20 de marzo en Punta Arenas los correspondientes al pueblo Kawashkar y al pueblo Selk\u2019Nam. Por \u00faltimo, el 9 de abril se efectuar\u00e1 el taller del pueblo Rapa Nui en Isla de Pascua.<\/p>\n\n\n\n<p>Tras estas sesiones iniciales, se realizar\u00e1 un taller macrozonal con personas delegadas de los pueblos participantes, seguido por un taller nacional, en el cual se buscar\u00e1 avanzar colaborativamente hacia propuestas para la elaboraci\u00f3n del Anteproyecto del Plan, el que ser\u00e1 puesto a disposici\u00f3n de la ciudadan\u00eda para su consulta p\u00fablica entre los meses de junio y agosto de 2024.<\/p>\n","protected":false},"excerpt":{"rendered":"<p>Los talleres de participaci\u00f3n ciudadana para los 11 pueblos ind\u00edgenas comienzan en marzo, y buscan conocer e integrar experiencias y conocimientos multiculturales para el Anteproyecto del Plan. Las inscripciones est\u00e1n abiertas en el sitio web de la Direcci\u00f3n General de &#8230; <\/p>\n<p class=\"read-more-container\"><a title=\"Pueblos ind\u00edgenas participar\u00e1n en la elaboraci\u00f3n del primer Plan de Adaptaci\u00f3n al Cambio Clim\u00e1tico en Recursos H\u00eddricos\" class=\"read-more button\" href=\"https:\/\/ciep.cl\/inicio\/2024\/02\/28\/pueblos-indigenas-participaran-en-la-elaboracion-del-primer-plan-de-adaptacion-al-cambio-climatico-en-recursos-hidricos\/#more-7799\" aria-label=\"Leer m\u00e1s sobre Pueblos ind\u00edgenas participar\u00e1n en la elaboraci\u00f3n del primer Plan de Adaptaci\u00f3n al Cambio Clim\u00e1tico en Recursos H\u00eddricos\">Leer m\u00e1s<\/a><\/p>\n","protected":false},"author":3,"featured_media":7800,"comment_status":"open","ping_status":"open","sticky":false,"template":"","format":"standard","meta":{"footnotes":""},"categories":[5],"tags":[],"class_list":["post-7799","post","type-post","status-publish","format-standard","has-post-thumbnail","hentry","category-noticias","infinite-scroll-item"],"_links":{"self":[{"href":"https:\/\/ciep.cl\/inicio\/wp-json\/wp\/v2\/posts\/7799","targetHints":{"allow":["GET"]}}],"collection":[{"href":"https:\/\/ciep.cl\/inicio\/wp-json\/wp\/v2\/posts"}],"about":[{"href":"https:\/\/ciep.cl\/inicio\/wp-json\/wp\/v2\/types\/post"}],"author":[{"embeddable":true,"href":"https:\/\/ciep.cl\/inicio\/wp-json\/wp\/v2\/users\/3"}],"replies":[{"embeddable":true,"href":"https:\/\/ciep.cl\/inicio\/wp-json\/wp\/v2\/comments?post=7799"}],"version-history":[{"count":0,"href":"https:\/\/ciep.cl\/inicio\/wp-json\/wp\/v2\/posts\/7799\/revisions"}],"wp:featuredmedia":[{"embeddable":true,"href":"https:\/\/ciep.cl\/inicio\/wp-json\/"}],"wp:attachment":[{"href":"https:\/\/ciep.cl\/inicio\/wp-json\/wp\/v2\/media?parent=7799"}],"wp:term":[{"taxonomy":"category","embeddable":true,"href":"https:\/\/ciep.cl\/inicio\/wp-json\/wp\/v2\/categories?post=7799"},{"taxonomy":"post_tag","embeddable":true,"href":"https:\/\/ciep.cl\/inicio\/wp-json\/wp\/v2\/tags?post=7799"}],"curies":[{"name":"wp","href":"https:\/\/api.w.org\/{rel}","templated":true}]}}