{"id":8201,"date":"2024-06-14T16:24:16","date_gmt":"2024-06-14T19:24:16","guid":{"rendered":"http:\/\/www.ciep.cl\/?p=8201"},"modified":"2024-06-14T16:24:16","modified_gmt":"2024-06-14T19:24:16","slug":"realizan-seminario-por-dia-mundial-de-los-oceanos-navegando-hacia-un-futuro-resiliente","status":"publish","type":"post","link":"https:\/\/ciep.cl\/inicio\/2024\/06\/14\/realizan-seminario-por-dia-mundial-de-los-oceanos-navegando-hacia-un-futuro-resiliente\/","title":{"rendered":"Realizan Seminario por D\u00eda Mundial de los Oc\u00e9anos: \u201cNavegando hacia un futuro resiliente\u201d"},"content":{"rendered":"\n<p>En Puerto Ays\u00e9n y gracias al trabajo coordinado de la Seremi de Medio Ambiente, Gobernaci\u00f3n Mar\u00edtima de Ays\u00e9n y el Centro de Investigaci\u00f3n y Estudios de la Patagonia (CIEP), se llev\u00f3 a cabo el seminario \u201cNavegando hacia un futuro resiliente\u201d en el marco de la celebraci\u00f3n del D\u00eda Internacional de los Oc\u00e9anos.<\/p>\n\n\n\n<p>Las Naciones Unidas establecieron el D\u00eda Mundial de los Oc\u00e9anos con el objetivo de informar del impacto que generamos los humanos sobre los oc\u00e9anos y, adem\u00e1s, generar una mayor consciencia sobre su importancia, a fin de impulsar un movimiento mundial que invita a realizar una gesti\u00f3n sostenible de los mares que nos rodean \u201clo que queremos es poner justamente en valor la importancia de la protecci\u00f3n de los oc\u00e9anos y todo lo que este nos contribuye como sociedad, como regi\u00f3n, como como naci\u00f3n. Considerando que nuestro pa\u00eds es esencialmente mar\u00edtimo, como tambi\u00e9n la instituci\u00f3n, la Armada de Chile aporta en este cuidado y protecci\u00f3n desde distintas ventanas de la actividad naval para poder dar el resguardo a este importante elemento, nuestro oc\u00e9ano\u201d, recalc\u00f3 Gobernador Mar\u00edtimo de Ays\u00e9n, Mario Besoain.<\/p>\n\n\n\n<p>La actividad, que convoc\u00f3 a p\u00fablico en general, busc\u00f3 mediante una serie de presentaciones y conversatorio, resaltar el trabajo realizado en la regi\u00f3n de Ays\u00e9n enfocado desde la academia y la pol\u00edtica p\u00fablica, mediante las presentaciones \u201cOc\u00e9ano, conservaci\u00f3n y Futuro\u201d, del Seremi del medio Ambiente, Yoal D\u00edaz, quien abord\u00f3 las implicancias de la implementaci\u00f3n del Servicio de Biodiversidad y \u00e1reas protegidas SBAP en la protecci\u00f3n del maritorio \u201clos desaf\u00edos en el mar son m\u00faltiples y ahora tenemos la posibilidad de generar una nueva institucionalidad que estamos implementando como Ministerio, que tiene que ver con el rol que va a tener el SBAP y tambi\u00e9n c\u00f3mo esto se relaciona con la gesti\u00f3n del monitoreo que se est\u00e1 llevando en Ays\u00e9n, particularmente poniendo el foco en lo que tenemos como \u00e1reas de conservaci\u00f3n de m\u00faltiples usos. Pero creo que aqu\u00ed hay un tambi\u00e9n una tremenda oportunidad del trabajo colaborativo junto a otras instituciones, que permite tambi\u00e9n mirar esto de manera integral. Esa integralidad es uno de los desaf\u00edos que tenemos como Gobierno, para que la pol\u00edtica p\u00fablica pueda llegar a todos los rincones de la regi\u00f3n de Ays\u00e9n\u201d.<\/p>\n\n\n\n<figure class=\"wp-block-gallery columns-2 is-cropped wp-block-gallery-1 is-layout-flex wp-block-gallery-is-layout-flex\"><ul class=\"blocks-gallery-grid\"><li class=\"blocks-gallery-item\"><figure><img decoding=\"async\" src=\"http:\/\/www.ciep.cl\/wp-content\/uploads\/2024\/06\/WhatsApp-Image-2024-06-14-at-13.19.12-1-1024x461.jpeg\" alt=\"\" data-id=\"8216\" data-full-url=\"http:\/\/www.ciep.cl\/wp-content\/uploads\/2024\/06\/WhatsApp-Image-2024-06-14-at-13.19.12-1-scaled.jpeg\" data-link=\"http:\/\/www.ciep.cl\/2024\/06\/14\/realizan-seminario-por-dia-mundial-de-los-oceanos-navegando-hacia-un-futuro-resiliente\/whatsapp-image-2024-06-14-at-13-19-12-2\/\" class=\"wp-image-8216\"\/><\/figure><\/li><li class=\"blocks-gallery-item\"><figure><img decoding=\"async\" src=\"http:\/\/www.ciep.cl\/wp-content\/uploads\/2024\/06\/WhatsApp-Image-2024-06-11-at-15.04.59-1-770x1024.jpeg\" alt=\"\" data-id=\"8209\" data-full-url=\"http:\/\/www.ciep.cl\/wp-content\/uploads\/2024\/06\/WhatsApp-Image-2024-06-11-at-15.04.59-1.jpeg\" data-link=\"http:\/\/www.ciep.cl\/2024\/06\/14\/realizan-seminario-por-dia-mundial-de-los-oceanos-navegando-hacia-un-futuro-resiliente\/whatsapp-image-2024-06-11-at-15-04-59-2\/\" class=\"wp-image-8209\"\/><\/figure><\/li><\/ul><\/figure>\n\n\n\n<p>Desde el CIEP, la Profesional de Gesti\u00f3n Territorial y Transferencia de la l\u00ednea pesca artesanal, Carolina Castro, expuso \u201cPercepciones de las pesquer\u00edas bent\u00f3nicas en Ays\u00e9n: Abordando nuevos desaf\u00edos desde las comunidades litorales \u201d.\u201c Tuvimos la oportunidad de conversar con investigadores e investigadoras, de traer temas para conversar en comunidad, temas que tienen que ver sobre el estado con los sistemas marinos, el estado de las pesquer\u00edas, preguntas de investigaci\u00f3n que son relevadas finalmente de los territorios y que nosotros, desde el punto de vista de la investigaci\u00f3n, tratamos de afrontar con la rigurosidad cient\u00edfica que merecen estos temas\u201d, explic\u00f3 el Subdirector de Vinculaci\u00f3n y Transferencia del Centro de Investigaci\u00f3n Ecosistema de la Patagonia, Alexis Catal\u00e1n.<\/p>\n\n\n\n<p>As\u00ed tambi\u00e9n desde el Instituto de fomento pesquero IFOP, compartieron \u201cLabores del IFOP para la conservaci\u00f3n del Mar de Ays\u00e9n\u201d, donde la Jefa IFOP Ays\u00e9n, Alejandra Laf\u00f3n, destac\u00f3<\/p>\n\n\n\n<p>la importancia de contar con una base de datos sostenida en el tiempo que permita observar la evoluci\u00f3n de ellos ecosistemas para as\u00ed brindar una mero asesor\u00eda mediate la investigaci\u00f3n \u201ctanto para el mundo como para nuestro pa\u00eds, el mar, los oc\u00e9anos en general, tiene una importancia tremenda, desde muchos puntos de vista, de la parte social, de la vida de los pobladores, de los pescadores, tambi\u00e9n por el resguardo alimentario, seguridad alimentaria, todo el potencial que tenemos en los organismos marinos y eso es maravilloso, pero hay que administrarlos, conocerlos y estudiarlos para poder desarrollar acciones de manejo\u201d.<\/p>\n\n\n\n<p>Durante la actividad, adem\u00e1s se hizo entrega oficial a la Gobernaci\u00f3n Maritima de Ays\u00e9n una serie de afiches en formato FOMEX y tr\u00edpticos informativos del \u00c1rea de Conservaci\u00f3n de M\u00faltiples Usos Pitipalena-A\u00f1ihue, realizados en el marco del proyecto GEF-FAO de Gobernanza Marina que est\u00e1 implementado el Ministerio del Medio Ambiente, para que puedan distribuirse en las distintas capitan\u00edas de Puerto de la regi\u00f3n y as\u00ed informar a los usuarios del maritorio sobre la ubicaci\u00f3n del ACMU, sus objetos de conservaci\u00f3n y las acciones que pueden realizar para contribuir a la protecci\u00f3n esta \u00e1rea marina.<\/p>\n","protected":false},"excerpt":{"rendered":"<p>En Puerto Ays\u00e9n y gracias al trabajo coordinado de la Seremi de Medio Ambiente, Gobernaci\u00f3n Mar\u00edtima de Ays\u00e9n y el Centro de Investigaci\u00f3n y Estudios de la Patagonia (CIEP), se llev\u00f3 a cabo el seminario \u201cNavegando hacia un futuro resiliente\u201d &#8230; <\/p>\n<p class=\"read-more-container\"><a title=\"Realizan Seminario por D\u00eda Mundial de los Oc\u00e9anos: \u201cNavegando hacia un futuro resiliente\u201d\" class=\"read-more button\" href=\"https:\/\/ciep.cl\/inicio\/2024\/06\/14\/realizan-seminario-por-dia-mundial-de-los-oceanos-navegando-hacia-un-futuro-resiliente\/#more-8201\" aria-label=\"Leer m\u00e1s sobre Realizan Seminario por D\u00eda Mundial de los Oc\u00e9anos: \u201cNavegando hacia un futuro resiliente\u201d\">Leer m\u00e1s<\/a><\/p>\n","protected":false},"author":3,"featured_media":8213,"comment_status":"open","ping_status":"open","sticky":false,"template":"","format":"standard","meta":{"footnotes":""},"categories":[5,68],"tags":[],"class_list":["post-8201","post","type-post","status-publish","format-standard","has-post-thumbnail","hentry","category-noticias","category-pesca-artesanal-y-acuicultura","infinite-scroll-item"],"_links":{"self":[{"href":"https:\/\/ciep.cl\/inicio\/wp-json\/wp\/v2\/posts\/8201","targetHints":{"allow":["GET"]}}],"collection":[{"href":"https:\/\/ciep.cl\/inicio\/wp-json\/wp\/v2\/posts"}],"about":[{"href":"https:\/\/ciep.cl\/inicio\/wp-json\/wp\/v2\/types\/post"}],"author":[{"embeddable":true,"href":"https:\/\/ciep.cl\/inicio\/wp-json\/wp\/v2\/users\/3"}],"replies":[{"embeddable":true,"href":"https:\/\/ciep.cl\/inicio\/wp-json\/wp\/v2\/comments?post=8201"}],"version-history":[{"count":0,"href":"https:\/\/ciep.cl\/inicio\/wp-json\/wp\/v2\/posts\/8201\/revisions"}],"wp:featuredmedia":[{"embeddable":true,"href":"https:\/\/ciep.cl\/inicio\/wp-json\/"}],"wp:attachment":[{"href":"https:\/\/ciep.cl\/inicio\/wp-json\/wp\/v2\/media?parent=8201"}],"wp:term":[{"taxonomy":"category","embeddable":true,"href":"https:\/\/ciep.cl\/inicio\/wp-json\/wp\/v2\/categories?post=8201"},{"taxonomy":"post_tag","embeddable":true,"href":"https:\/\/ciep.cl\/inicio\/wp-json\/wp\/v2\/tags?post=8201"}],"curies":[{"name":"wp","href":"https:\/\/api.w.org\/{rel}","templated":true}]}}