{"id":8309,"date":"2024-07-05T14:32:17","date_gmt":"2024-07-05T17:32:17","guid":{"rendered":"http:\/\/www.ciep.cl\/?p=8309"},"modified":"2024-07-05T14:32:17","modified_gmt":"2024-07-05T17:32:17","slug":"aysen-sera-sede-de-congreso-mundial-sobre-bosques","status":"publish","type":"post","link":"https:\/\/ciep.cl\/inicio\/2024\/07\/05\/aysen-sera-sede-de-congreso-mundial-sobre-bosques\/","title":{"rendered":"Ays\u00e9n ser\u00e1 sede de Congreso Mundial sobre Bosques"},"content":{"rendered":"\n<p><em>Recientemente ha finalizado un encuentro mundial de cient\u00edficos que se dedican a temas relacionados a las ciencias forestales llamado IUFRO, realizado en la ciudad de Estocolmo, Suecia. En 2026, Ays\u00e9n ser\u00e1 sede de una reuni\u00f3n mundial de una de las divisiones de esta organizaci\u00f3n<\/em><em>.&nbsp;<\/em>&nbsp;<\/p>\n\n\n\n<p>El IUFRO (<a href=\"https:\/\/www.iufro.org\/\" target=\"_blank\" rel=\"noreferrer noopener\">https:\/\/www.iufro.org\/<\/a>) es la organizaci\u00f3n internacional de investigaci\u00f3n en ciencias forestales, la cual re\u00fane y coordina el trabajo colaborativo entre acad\u00e9micos y acad\u00e9micas de diversas disciplinas y pa\u00edses, con el fin de compartir resultados, metodolog\u00edas y tecnolog\u00edas asociadas a los bosques. Cada a\u00f1o se re\u00fanen, y fue en el 2023, en Portugal, cuando se eligi\u00f3 que el encuentro 2026 de la divisi\u00f3n 8 de esta organizaci\u00f3n que aborda el medioambiente forestal&nbsp;se re\u00fana en la ciudad de Coyhaique. Recientemente, esto fue ratificado en el Congreso Mundial del IUFRO llevado a cabo en el mes de junio en Suecia.&nbsp;&nbsp;<\/p>\n\n\n\n<p>El congreso titulado \u201cLos bosques como polos de biodiversidad y servicios ecosist\u00e9micos en el Antropoceno\u201d es organizado por los ec\u00f3logos forestales del Centro de Investigaci\u00f3n en Ecosistemas de la Patagonia (CIEP) a cargo de los doctores M\u00f3nica Toro Manr\u00edquez y Alejandro Huertas Herrera, donde se busca que investigadores e investigadoras, estudiantes y tomadores de decisiones de distintas partes del mundo, Chile y la regi\u00f3n de Ays\u00e9n interact\u00faen a trav\u00e9s de charlas, foros, reuniones y mesas de discusi\u00f3n.&nbsp;&nbsp;<\/p>\n\n\n\n<figure class=\"wp-block-image size-large is-resized\"><img fetchpriority=\"high\" decoding=\"async\" src=\"http:\/\/www.ciep.cl\/wp-content\/uploads\/2024\/07\/WhatsApp-Image-2024-06-28-at-11.19.08-1024x770.jpeg\" alt=\"\" class=\"wp-image-8311\" width=\"497\" height=\"373\"\/><\/figure>\n\n\n\n<p>La Dra. M\u00f3nica Toro, coordinadora adjunta de la divisi\u00f3n 8 del IUFRO, y organizadora del Congreso, relata la relevancia de que sea Ays\u00e9n el lugar que albergue esta cita; \u201cLa Patagonia chilena, y en particular la Regi\u00f3n de Ays\u00e9n, es una de las pocas zonas que alberga bosques templados del mundo en excelente estado de conservaci\u00f3n. Posee ecosistemas importantes para entender la ecolog\u00eda del bosque y c\u00f3mo responde, por ejemplo, al cambio clim\u00e1tico.\u201d&nbsp;<\/p>\n\n\n\n<p>Este congreso conlleva varios d\u00edas y actividades, tanto en salones como en terreno. El equipo organizador busca dar difusi\u00f3n de este importante encuentro internacional, considerando relevante que el sector silvoagropecuario est\u00e9 representado a trav\u00e9s de productores y agrupaciones, abri\u00e9ndose espacios para presentarse a trav\u00e9s de una mesa de negocios, para as\u00ed, dar a conocer sus productos tanto forestales como no madereros, generando oportunidades dentro y fuera de Chile para la regi\u00f3n.&nbsp;<\/p>\n\n\n\n<p>Para El Dr. Alejandro Huertas, tambi\u00e9n organizador y miembro de la coordinaci\u00f3n de la divisi\u00f3n 8 del IUFRO, esta \u201ces una oportunidad para visibilizar lo que est\u00e1 ocurriendo en los sistemas silvoagropecuarios de la regi\u00f3n, con los que hemos estado trabajando los \u00faltimos a\u00f1os. Tenemos que discutir c\u00f3mo lograr conciliar la conservaci\u00f3n con la producci\u00f3n, y alcanzar, en lo posible, un uso de nuestros recursos naturales al menor costo para la biodiversidad.\u201d&nbsp;<\/p>\n\n\n\n<p>Finalmente, invitamos a las y los interesados en ser parte de este Congreso a contactar a los investigadores a los correos <a rel=\"noreferrer noopener\" href=\"mailto:alejandro.huertas@ciep.cl\" target=\"_blank\">alejandro.huertas@ciep.cl<\/a> y <a rel=\"noreferrer noopener\" href=\"mailto:monica.toro@ciep.cl\" target=\"_blank\">monica.toro@ciep.cl<\/a>&nbsp;<\/p>\n\n\n\n<figure class=\"wp-block-image size-large is-resized\"><img decoding=\"async\" src=\"http:\/\/www.ciep.cl\/wp-content\/uploads\/2024\/07\/FOTO-1.-Presentacion-y-aprobacion-Ecologos-Forestales-para-Congreso-IUFRO-DIV-8-Coyhaique-2026-1-769x1024.jpeg\" alt=\"\" class=\"wp-image-8312\" width=\"385\" height=\"512\"\/><\/figure>\n","protected":false},"excerpt":{"rendered":"<p>Recientemente ha finalizado un encuentro mundial de cient\u00edficos que se dedican a temas relacionados a las ciencias forestales llamado IUFRO, realizado en la ciudad de Estocolmo, Suecia. En 2026, Ays\u00e9n ser\u00e1 sede de una reuni\u00f3n mundial de una de las &#8230; <\/p>\n<p class=\"read-more-container\"><a title=\"Ays\u00e9n ser\u00e1 sede de Congreso Mundial sobre Bosques\" class=\"read-more button\" href=\"https:\/\/ciep.cl\/inicio\/2024\/07\/05\/aysen-sera-sede-de-congreso-mundial-sobre-bosques\/#more-8309\" aria-label=\"Leer m\u00e1s sobre Ays\u00e9n ser\u00e1 sede de Congreso Mundial sobre Bosques\">Leer m\u00e1s<\/a><\/p>\n","protected":false},"author":3,"featured_media":8314,"comment_status":"open","ping_status":"open","sticky":false,"template":"","format":"standard","meta":{"footnotes":""},"categories":[5,38],"tags":[37,88],"class_list":["post-8309","post","type-post","status-publish","format-standard","has-post-thumbnail","hentry","category-noticias","category-ecosistemas-terrestres","tag-alejandro-huertas","tag-monica-toro","infinite-scroll-item"],"_links":{"self":[{"href":"https:\/\/ciep.cl\/inicio\/wp-json\/wp\/v2\/posts\/8309","targetHints":{"allow":["GET"]}}],"collection":[{"href":"https:\/\/ciep.cl\/inicio\/wp-json\/wp\/v2\/posts"}],"about":[{"href":"https:\/\/ciep.cl\/inicio\/wp-json\/wp\/v2\/types\/post"}],"author":[{"embeddable":true,"href":"https:\/\/ciep.cl\/inicio\/wp-json\/wp\/v2\/users\/3"}],"replies":[{"embeddable":true,"href":"https:\/\/ciep.cl\/inicio\/wp-json\/wp\/v2\/comments?post=8309"}],"version-history":[{"count":0,"href":"https:\/\/ciep.cl\/inicio\/wp-json\/wp\/v2\/posts\/8309\/revisions"}],"wp:featuredmedia":[{"embeddable":true,"href":"https:\/\/ciep.cl\/inicio\/wp-json\/"}],"wp:attachment":[{"href":"https:\/\/ciep.cl\/inicio\/wp-json\/wp\/v2\/media?parent=8309"}],"wp:term":[{"taxonomy":"category","embeddable":true,"href":"https:\/\/ciep.cl\/inicio\/wp-json\/wp\/v2\/categories?post=8309"},{"taxonomy":"post_tag","embeddable":true,"href":"https:\/\/ciep.cl\/inicio\/wp-json\/wp\/v2\/tags?post=8309"}],"curies":[{"name":"wp","href":"https:\/\/api.w.org\/{rel}","templated":true}]}}