{"id":8629,"date":"2024-11-05T10:27:16","date_gmt":"2024-11-05T13:27:16","guid":{"rendered":"http:\/\/www.ciep.cl\/?p=8629"},"modified":"2024-11-05T10:27:16","modified_gmt":"2024-11-05T13:27:16","slug":"cochrane-sera-sede-del-ii-encuentro-cientifico-y-cultural-para-la-valorizacion-de-la-reserva-de-la-biosfera-laguna-san-rafael-y-el-guayaneco","status":"publish","type":"post","link":"https:\/\/ciep.cl\/inicio\/2024\/11\/05\/cochrane-sera-sede-del-ii-encuentro-cientifico-y-cultural-para-la-valorizacion-de-la-reserva-de-la-biosfera-laguna-san-rafael-y-el-guayaneco\/","title":{"rendered":"Cochrane ser\u00e1 sede del II Encuentro Cient\u00edfico y Cultural para la Valorizaci\u00f3n de la Reserva de la Biosfera Laguna San Rafael y El Guayaneco"},"content":{"rendered":"\n<p><strong><em>Durante tres d\u00edas, expertos nacionales e internacionales, autoridades y la comunidad se reunir\u00e1n en Cochrane para dialogar sobre gobernanza ambiental, conservaci\u00f3n y el rol de la cultura local en la identidad de la reserva. El evento ofrecer\u00e1, adem\u00e1s, actividades art\u00edsticas y de divulgaci\u00f3n cient\u00edfica para destacar el valor \u00fanico de este territorio.<\/em><\/strong><\/p>\n\n\n\n<p><strong>[Cochrane, octubre de 2024]<\/strong> Del 14 al 16 de noviembre, Cochrane se convertir\u00e1 en el epicentro de la ciencia y la cultura con la realizaci\u00f3n del II Encuentro Cient\u00edfico y Cultural para la Valorizaci\u00f3n de la Reserva de la Biosfera Laguna San Rafael y El Guayaneco (RdB LSR-G). Este evento, organizado en el marco del proyecto FIC \u00abEstudio de la Resiliencia, Sustentabilidad y Valorizaci\u00f3n de la Reserva de la Biosfera LSR-G\u00bb, cuenta con el financiamiento del Gobierno Regional de Ays\u00e9n y su Consejo. La actividad reunir\u00e1 a expertos, autoridades y actores locales para abordar los desaf\u00edos y oportunidades en la preservaci\u00f3n y desarrollo de este territorio de reconocimiento internacional.<\/p>\n\n\n\n<p>El encuentro ofrecer\u00e1 un espacio de reflexi\u00f3n y di\u00e1logo sobre temas clave como la gobernanza de \u00e1reas protegidas, la resiliencia clim\u00e1tica y las iniciativas locales de conservaci\u00f3n. Adem\u00e1s, se llevar\u00e1n a cabo actividades de divulgaci\u00f3n cient\u00edfica orientadas a poner en valor la reserva, incluyendo la presentaci\u00f3n de una gu\u00eda destinada a fortalecer el conocimiento p\u00fablico sobre la importancia de la Reserva de la Biosfera Laguna San Rafael y El Guayaneco.<\/p>\n\n\n\n<p>Como parte del evento, se presentar\u00e1n espect\u00e1culos musicales en vivo, que resaltar\u00e1n el talento de los creadores locales y subrayar\u00e1n la importancia de la cultura regional en la identidad de la reserva. Estas actividades art\u00edsticas enriquecer\u00e1n la programaci\u00f3n cultural, creando un espacio de intercambio entre la ciencia y el arte donde se podr\u00e1n apreciar las tradiciones locales que forman parte del patrimonio de la reserva.<\/p>\n\n\n\n<p>Fabien Bourl\u00f3n, investigador del Centro de Investigaci\u00f3n en Ecosistemas de la Patagonia (CIEP) y director del proyecto FIC, destac\u00f3 la importancia de realizar este encuentro en el territorio de la reserva, con el objetivo de generar un espacio de di\u00e1logo con los actores locales. <em>\u201cEl segundo encuentro cultural y cient\u00edfico que estamos organizando para la valorizaci\u00f3n de la Reserva de Biosfera tiene como objetivo generar un espacio para presentar investigaciones cient\u00edficas que est\u00e1n ocurriendo en la reserva. Pero tambi\u00e9n queremos escuchar lo que los actores locales est\u00e1n haciendo; queremos que sean tambi\u00e9n los cient\u00edficos quienes aprendan de la comunidad local, para que se nutra un di\u00e1logo y logremos enfocarnos mejor en las acciones prioritarias a implementar en acuerdo con el comit\u00e9 de gesti\u00f3n de la Reserva de Biosfera<\/em>\u201d.<\/p>\n\n\n\n<figure class=\"wp-block-audio\"><audio controls src=\"http:\/\/www.ciep.cl\/wp-content\/uploads\/2024\/11\/Cun\u0303a-Fabien-Bourlon-Ciep.mp3\"><\/audio><figcaption>Fabien Bourlon, investigador CIEP, director del proyecto.<\/figcaption><\/figure>\n\n\n\n<p>Por su parte, el alcalde de Cochrane, Jorge Calder\u00f3n, valor\u00f3 la realizaci\u00f3n de este encuentro en su localidad: <em>\u00abDurante el mes de noviembre, Cochrane ser\u00e1 el centro de la ciencia y la investigaci\u00f3n gracias a un programa del CIEP con recursos del gobierno regional. Esto permitir\u00e1 que investigadores y cient\u00edficos de distintas instituciones se re\u00fanan en nuestra comuna para debatir y aportar sus perspectivas sobre la gesti\u00f3n sostenible de \u00e1reas silvestres protegidas, el desarrollo de proyectos comunitarios que promuevan el ecoturismo y, por cierto, la educaci\u00f3n ambiental. Creo que, de alguna manera, esto tambi\u00e9n es un reconocimiento a la vocaci\u00f3n y el rol territorial de nuestra comuna, lo cual nos tiene muy contentos y representa una gran oportunidad para Cochrane<\/em>\u201d, indic\u00f3 el Alcalde.<\/p>\n\n\n\n<figure class=\"wp-block-audio\"><audio controls src=\"http:\/\/www.ciep.cl\/wp-content\/uploads\/2024\/11\/Cun\u0303a-Alcalde-Jorge-Caldero\u0301n.mp3\"><\/audio><figcaption>Jorge Calder\u00f3n, Alcalde de Cochrane.<\/figcaption><\/figure>\n\n\n\n<p>Cabe se\u00f1alar que la realizaci\u00f3n de este seminario forma parte de las actividades comprometidas en el proyecto FIC BIP 40049360-0, ejecutado gracias al financiamiento del Fondo de Innovaci\u00f3n para la Competitividad 2023.<\/p>\n\n\n\n<p>Las personas interesadas en participar pueden inscribirse en el enlace habilitado en el sitio web del proyecto:<a href=\"http:\/\/www.aysenreservadelabiosfera.cl\"> www.aysenreservadelabiosfera.cl<\/a>, donde tambi\u00e9n podr\u00e1n consultar el programa de actividades del seminario.<\/p>\n\n\n\n<figure class=\"wp-block-image size-large\"><img decoding=\"async\" src=\"http:\/\/www.ciep.cl\/wp-content\/uploads\/2024\/11\/IInvestigadores-en-Parque-Nacional-Laguna-San-Rafael-1024x576.jpg\" alt=\"\" class=\"wp-image-8633\"\/><\/figure>\n","protected":false},"excerpt":{"rendered":"<p>Durante tres d\u00edas, expertos nacionales e internacionales, autoridades y la comunidad se reunir\u00e1n en Cochrane para dialogar sobre gobernanza ambiental, conservaci\u00f3n y el rol de la cultura local en la identidad de la reserva. El evento ofrecer\u00e1, adem\u00e1s, actividades art\u00edsticas &#8230; <\/p>\n<p class=\"read-more-container\"><a title=\"Cochrane ser\u00e1 sede del II Encuentro Cient\u00edfico y Cultural para la Valorizaci\u00f3n de la Reserva de la Biosfera Laguna San Rafael y El Guayaneco\" class=\"read-more button\" href=\"https:\/\/ciep.cl\/inicio\/2024\/11\/05\/cochrane-sera-sede-del-ii-encuentro-cientifico-y-cultural-para-la-valorizacion-de-la-reserva-de-la-biosfera-laguna-san-rafael-y-el-guayaneco\/#more-8629\" aria-label=\"Leer m\u00e1s sobre Cochrane ser\u00e1 sede del II Encuentro Cient\u00edfico y Cultural para la Valorizaci\u00f3n de la Reserva de la Biosfera Laguna San Rafael y El Guayaneco\">Leer m\u00e1s<\/a><\/p>\n","protected":false},"author":3,"featured_media":8630,"comment_status":"open","ping_status":"open","sticky":false,"template":"","format":"standard","meta":{"footnotes":""},"categories":[5,64],"tags":[42],"class_list":["post-8629","post","type-post","status-publish","format-standard","has-post-thumbnail","hentry","category-noticias","category-turismo-sustentable","tag-fabien-bourlon","infinite-scroll-item"],"_links":{"self":[{"href":"https:\/\/ciep.cl\/inicio\/wp-json\/wp\/v2\/posts\/8629","targetHints":{"allow":["GET"]}}],"collection":[{"href":"https:\/\/ciep.cl\/inicio\/wp-json\/wp\/v2\/posts"}],"about":[{"href":"https:\/\/ciep.cl\/inicio\/wp-json\/wp\/v2\/types\/post"}],"author":[{"embeddable":true,"href":"https:\/\/ciep.cl\/inicio\/wp-json\/wp\/v2\/users\/3"}],"replies":[{"embeddable":true,"href":"https:\/\/ciep.cl\/inicio\/wp-json\/wp\/v2\/comments?post=8629"}],"version-history":[{"count":0,"href":"https:\/\/ciep.cl\/inicio\/wp-json\/wp\/v2\/posts\/8629\/revisions"}],"wp:featuredmedia":[{"embeddable":true,"href":"https:\/\/ciep.cl\/inicio\/wp-json\/"}],"wp:attachment":[{"href":"https:\/\/ciep.cl\/inicio\/wp-json\/wp\/v2\/media?parent=8629"}],"wp:term":[{"taxonomy":"category","embeddable":true,"href":"https:\/\/ciep.cl\/inicio\/wp-json\/wp\/v2\/categories?post=8629"},{"taxonomy":"post_tag","embeddable":true,"href":"https:\/\/ciep.cl\/inicio\/wp-json\/wp\/v2\/tags?post=8629"}],"curies":[{"name":"wp","href":"https:\/\/api.w.org\/{rel}","templated":true}]}}