{"id":8649,"date":"2024-11-19T12:47:57","date_gmt":"2024-11-19T15:47:57","guid":{"rendered":"http:\/\/www.ciep.cl\/?p=8649"},"modified":"2024-11-19T12:47:57","modified_gmt":"2024-11-19T15:47:57","slug":"potencial-de-la-colaboracion-participativa-en-la-conservacion-de-la-laguna-san-rafael","status":"publish","type":"post","link":"https:\/\/ciep.cl\/inicio\/2024\/11\/19\/potencial-de-la-colaboracion-participativa-en-la-conservacion-de-la-laguna-san-rafael\/","title":{"rendered":"Potencial de la Colaboraci\u00f3n Participativa en la Conservaci\u00f3n de la Laguna San Rafael"},"content":{"rendered":"\n<p>Un nuevo estudio del CIEP, enmarcado dentro del proyecto de estudio para la resiliencia, sustentabilidad y valorizaci\u00f3n de la Reserva de Biosfera de la Unesco en la regi\u00f3n de Ays\u00e9n, revela la importancia de la cooperaci\u00f3n entre los cient\u00edficos y otros actores sociales para la conservaci\u00f3n del entorno de la Reserva de la Biosfera Laguna San Rafael y el Guayaneco. La publicaci\u00f3n, titulada <em>Movilizando la ciencia del cambio global para una gobernanza transversal efectiva de la Reserva de la Biosfera Laguna San Rafael y el Guayaneco<\/em>, analiza c\u00f3mo se ha estudiado este entorno en los \u00faltimos veinte a\u00f1os y la importancia de crear flujos de intercambio de conocimiento entre la comunidad cient\u00edfica y la sociedad. El objetivo de la publicaci\u00f3n es fomentar esta retroalimentaci\u00f3n a nivel local para ofrecer a las personas implicadas una informaci\u00f3n clara en la que poder apoyarse a la hora de tomar decisiones encaminadas a la conservaci\u00f3n del lugar.<\/p>\n\n\n\n<p>Los autores del art\u00edculo, los cient\u00edficos Trace Gale, Andr\u00e9s Adiego, Fabien Bourlon y Alexandra Salazar, han hecho especial hincapi\u00e9 en el establecimiento de redes de conocimiento-acci\u00f3n (<em>Knowledge-Action Networks<\/em>) que a\u00fanen ciencia, gesti\u00f3n y gobernanza. En palabras de la doctora Gale, estas redes \u201cinvolucran tanto a la comunidad cient\u00edfica como a otros actores sociales: grupos ind\u00edgenas, gestores de servicios p\u00fablicos, pol\u00edticos, comunidades locales, las ONG, etc. Creando una red de conocimientos que incorpora distintas formas de observar y conocer el entorno\u201d.<\/p>\n\n\n\n<p>Las redes de conocimiento-acci\u00f3n son claves para avanzar en un cambio transformador hacia una econom\u00eda m\u00e1s sostenible en los territorios, sin embargo, su implementaci\u00f3n conlleva ciertas dificultades. Gale apunta que uno de estos factores son los intereses particulares de los actores implicados. \u201cCuando t\u00fa juntas a personas con puntos de vista, prioridades y valores distintos, es muy dif\u00edcil acordar cu\u00e1l es el problema y la soluci\u00f3n \u00f3ptima\u201d, esgrime la doctora. Otro de los puntos es que, hist\u00f3ricamente, muchas de las investigaciones transcurrieron con escaso o nulo contacto con los actores locales. Esto implica que las y los investigadores acuden a un territorio desde diferentes partes del mundo, realizan su trabajo, pero los datos, resultados y recomendaciones no siempre son comunicados a las personas que toman las decisiones a nivel local. Adem\u00e1s, gran parte de la investigaci\u00f3n sobre temas de sostenibilidad es muy especializada y puede ser, seg\u00fan Gale, \u00abdif\u00edcil de entender, implementar e integrar\u00bb en la gobernanza local.<\/p>\n\n\n\n<p>Para entender el ah\u00ednco de esta publicaci\u00f3n por estrechar las relaciones entre ciencia y sociedad tenemos que comprender el contexto en el que se enmarca. Este es el compromiso adoptado dentro del Marco Mundial para la Biodiversidad de Kunming-Montreal (GBF), aprobado en la decimoquinta Conferencia de las Partes (COP 15) de las Naciones Unidas. Este acuerdo, ratificado por 195 pa\u00edses y la Uni\u00f3n Europea, proyecta para 2050 una sociedad en la que, como apunta la investigaci\u00f3n, \u201cla biodiversidad se valora, conserva, restaura y utiliza de manera sostenible\u201d sin que se vea afectado el bienestar humano. Pero conseguir un futuro sostenible requiere del an\u00e1lisis de la relaci\u00f3n entre nuestras sociedades y el entorno y c\u00f3mo nuestro impacto lo modifica. La meta es \u201cpromover pr\u00e1cticas sostenibles que equilibren la salud medioambiental, la viabilidad econ\u00f3mica y la igualdad entre los diferentes miembros de la sociedad\u201d.<\/p>\n\n\n\n<p>El estudio de esta cuesti\u00f3n es de especial relevancia puesto que el impacto de las actividades humanas en el medio ambiente creci\u00f3 de forma exponencial a mediados del siglo pasado. Esto se debi\u00f3 a un aumento en la cantidad de recursos que nuestras sociedades demandaban y, como resultado, una mayor alteraci\u00f3n de los ecosistemas. Esta coyuntura ha provocado la modificaci\u00f3n de las condiciones clim\u00e1ticas, un cambio en los usos del suelo, la p\u00e9rdida de la biodiversidad, contaminaci\u00f3n, la sobreexplotaci\u00f3n de recursos o la propagaci\u00f3n de especies invasoras. La transformaci\u00f3n de las caracter\u00edsticas de nuestro entorno tiene efectos directos en nuestra vida diaria, que se traducen en cambios en la demograf\u00eda, cultura, tecnolog\u00eda, econom\u00eda, pol\u00edtica, salud, conflictos b\u00e9licos y epidemias.<\/p>\n\n\n\n<p>La presente publicaci\u00f3n se centra en la investigaci\u00f3n del \u00e1rea de la Reserva de la Biosfera Laguna San Rafael y el Guayaneco, con el objetivo de contribuir a su conservaci\u00f3n. Para ello se analiz\u00f3 la evoluci\u00f3n de las investigaciones de este entorno desde el a\u00f1o 2000 hasta el 2021, identificando cu\u00e1n recurrentes eran los principales \u201cfactores del cambio\u201d que, seg\u00fan el <em>Millennium Ecosystem Assessment<\/em>&nbsp;(EEA) y el <em>International Payments for Ecosystem Services<\/em>&nbsp;(IPES), inducen a la modificaci\u00f3n de los ecosistemas. Estos son: cambio clim\u00e1tico, cambio de uso de la tierra, cambio de h\u00e1bitat, especies invasoras, sobreexplotaci\u00f3n y contaminaci\u00f3n. A pesar de que el m\u00e1s mencionado en las publicaciones fue el cambio clim\u00e1tico, presente en 96 documentos de un total de 121, Gale apuntala que \u201cel cambio de suelo est\u00e1 afectando a la biodiversidad todav\u00eda m\u00e1s\u201d. Para la investigadora, la ciencia experiment\u00f3 en el pasado un \u201cenfoque centralizado en el cambio clim\u00e1tico\u201d y no es hasta la \u00faltima d\u00e9cada cuando se empez\u00f3 a tener una visi\u00f3n \u201cm\u00e1s integral\u201d. \u201cLos \u00faltimos estudios que se est\u00e1n publicando abarcan varios de los factores del cambio, y yo creo que es una evidencia de que la comunidad cient\u00edfica est\u00e1 avanzando\u201d, zanja Gale.<\/p>\n\n\n\n<figure class=\"wp-block-image size-large\"><img decoding=\"async\" src=\"http:\/\/www.ciep.cl\/wp-content\/uploads\/2024\/11\/Port-Tranquilo-26-mars-24-2IMG_4287-1024x768.jpeg\" alt=\"\" class=\"wp-image-8651\"\/><\/figure>\n\n\n\n<p>Surgieron tres \u00e1reas de investigaci\u00f3n de alta densidad, es decir, ciertos lugares en los que se concentraron los estudios, particularmente a lo largo del Campo de Hielo Norte. La mayor\u00eda de los an\u00e1lisis se llevaron a cabo en el n\u00facleo del \u00e1rea y las zonas de amortiguamiento, es decir, aquellos lugares m\u00e1s v\u00edrgenes. Se identifica una notable focalizaci\u00f3n alrededor de Puerto Bertrand, Cochrane y Caleta Tortel. Sin embargo, para Gale el estudio de estas zonas tiene que tener una perspectiva \u201csocioambiental\u201d, que abarque tambi\u00e9n poblaciones o territorios explotados por el hombre. \u201cEs fundamental estudiar los glaciares y los impactos del cambio clim\u00e1tico en el Campo de Hielo Norte \u2014esgrime\u2014, al mismo tiempo que es crucial explorar m\u00e1s all\u00e1 del n\u00facleo del \u00e1rea para comprender las interacciones entre estos ecosistemas y los territorios circundantes.\u201d.<\/p>\n\n\n\n<p>Adem\u00e1s de ello, se observan ciertas tendencias temporales. Las primeras investigaciones entre 2002 y 2008 incluyeron un contenido m\u00ednimo de redes de conocimiento-acci\u00f3n, pero se observaron aumentos notables entre 2009 y 2015 y nuevamente entre 2017 y 2021. Esto quiere decir que, conforme pasaron los a\u00f1os, la preocupaci\u00f3n por conseguir una efectiva transmisi\u00f3n del conocimiento cient\u00edfico hacia los actores sociales fue en aumento debido a que se incluyeron referencias a dicha cuesti\u00f3n en las publicaciones cient\u00edficas de la Reserva de la Biosfera Laguna San Rafael y el Guayaneco.<\/p>\n\n\n\n<p>Desde la perspectiva del co-autor, el doctor Fabien Bourlon, este potencial es especialmente relevante en el marco del proyecto antes mencionado. Durante el desarrollo de esta investigaci\u00f3n, se evidenci\u00f3 la falta de conocimiento de los trabajos cient\u00edficos por los servicios p\u00fablicos y la comunidad local y la aplicaci\u00f3n de este conocimiento en sus planes de acciones. \u201cHemos aprendido que es clave plantear los proyectos de investigaci\u00f3n desde el inicio con participaci\u00f3n de actores locales. \u00a0El propio proyecto de investigaci\u00f3n debe hacer sentido y que se incorpore en las prioridades locales. El enlace del conocimiento cient\u00edfico con el desarrollo sociocultural requiere de una gobernanza efectiva con actores de nivel regional y de todas las comunidades interesadas, con sus temas espec\u00edficos.\u201d<\/p>\n\n\n\n<figure class=\"wp-block-gallery columns-3 is-cropped wp-block-gallery-1 is-layout-flex wp-block-gallery-is-layout-flex\"><ul class=\"blocks-gallery-grid\"><li class=\"blocks-gallery-item\"><figure><img decoding=\"async\" src=\"http:\/\/www.ciep.cl\/wp-content\/uploads\/2024\/11\/1.monitoreo-meteo-glaciar-exploradores-2010-IMGP1824-1024x578.jpg\" alt=\"\" data-id=\"8652\" data-full-url=\"http:\/\/www.ciep.cl\/wp-content\/uploads\/2024\/11\/1.monitoreo-meteo-glaciar-exploradores-2010-IMGP1824-scaled.jpg\" data-link=\"http:\/\/www.ciep.cl\/?attachment_id=8652\" class=\"wp-image-8652\"\/><\/figure><\/li><li class=\"blocks-gallery-item\"><figure><img decoding=\"async\" src=\"http:\/\/www.ciep.cl\/wp-content\/uploads\/2024\/11\/1.Guia-El-Puesto-Centro-de-Visitantes-IMGP1804-1024x578.jpg\" alt=\"\" data-id=\"8653\" data-full-url=\"http:\/\/www.ciep.cl\/wp-content\/uploads\/2024\/11\/1.Guia-El-Puesto-Centro-de-Visitantes-IMGP1804-scaled.jpg\" data-link=\"http:\/\/www.ciep.cl\/?attachment_id=8653\" class=\"wp-image-8653\"\/><\/figure><\/li><li class=\"blocks-gallery-item\"><figure><img decoding=\"async\" src=\"http:\/\/www.ciep.cl\/wp-content\/uploads\/2024\/11\/1.-monitoreo-de-sitios-geoturisticos-Exploradores-tomando-apuntes-IMG_2407-768x1024.jpeg\" alt=\"\" data-id=\"8654\" data-full-url=\"http:\/\/www.ciep.cl\/wp-content\/uploads\/2024\/11\/1.-monitoreo-de-sitios-geoturisticos-Exploradores-tomando-apuntes-IMG_2407-scaled.jpeg\" data-link=\"http:\/\/www.ciep.cl\/?attachment_id=8654\" class=\"wp-image-8654\"\/><\/figure><\/li><li class=\"blocks-gallery-item\"><figure><img decoding=\"async\" src=\"http:\/\/www.ciep.cl\/wp-content\/uploads\/2024\/11\/Port-Tranquilo-26-mars-24-1-1024x768.jpeg\" alt=\"\" data-id=\"8655\" data-full-url=\"http:\/\/www.ciep.cl\/wp-content\/uploads\/2024\/11\/Port-Tranquilo-26-mars-24-1-scaled.jpeg\" data-link=\"http:\/\/www.ciep.cl\/?attachment_id=8655\" class=\"wp-image-8655\"\/><\/figure><\/li><\/ul><\/figure>\n","protected":false},"excerpt":{"rendered":"<p>Un nuevo estudio del CIEP, enmarcado dentro del proyecto de estudio para la resiliencia, sustentabilidad y valorizaci\u00f3n de la Reserva de Biosfera de la Unesco en la regi\u00f3n de Ays\u00e9n, revela la importancia de la cooperaci\u00f3n entre los cient\u00edficos y &#8230; <\/p>\n<p class=\"read-more-container\"><a title=\"Potencial de la Colaboraci\u00f3n Participativa en la Conservaci\u00f3n de la Laguna San Rafael\" class=\"read-more button\" href=\"https:\/\/ciep.cl\/inicio\/2024\/11\/19\/potencial-de-la-colaboracion-participativa-en-la-conservacion-de-la-laguna-san-rafael\/#more-8649\" aria-label=\"Leer m\u00e1s sobre Potencial de la Colaboraci\u00f3n Participativa en la Conservaci\u00f3n de la Laguna San Rafael\">Leer m\u00e1s<\/a><\/p>\n","protected":false},"author":3,"featured_media":8650,"comment_status":"open","ping_status":"open","sticky":false,"template":"","format":"standard","meta":{"footnotes":""},"categories":[5,64],"tags":[80,58,42,46],"class_list":["post-8649","post","type-post","status-publish","format-standard","has-post-thumbnail","hentry","category-noticias","category-turismo-sustentable","tag-alexandra-salazar","tag-andres-adiego","tag-fabien-bourlon","tag-trace-gale","infinite-scroll-item"],"_links":{"self":[{"href":"https:\/\/ciep.cl\/inicio\/wp-json\/wp\/v2\/posts\/8649","targetHints":{"allow":["GET"]}}],"collection":[{"href":"https:\/\/ciep.cl\/inicio\/wp-json\/wp\/v2\/posts"}],"about":[{"href":"https:\/\/ciep.cl\/inicio\/wp-json\/wp\/v2\/types\/post"}],"author":[{"embeddable":true,"href":"https:\/\/ciep.cl\/inicio\/wp-json\/wp\/v2\/users\/3"}],"replies":[{"embeddable":true,"href":"https:\/\/ciep.cl\/inicio\/wp-json\/wp\/v2\/comments?post=8649"}],"version-history":[{"count":0,"href":"https:\/\/ciep.cl\/inicio\/wp-json\/wp\/v2\/posts\/8649\/revisions"}],"wp:featuredmedia":[{"embeddable":true,"href":"https:\/\/ciep.cl\/inicio\/wp-json\/"}],"wp:attachment":[{"href":"https:\/\/ciep.cl\/inicio\/wp-json\/wp\/v2\/media?parent=8649"}],"wp:term":[{"taxonomy":"category","embeddable":true,"href":"https:\/\/ciep.cl\/inicio\/wp-json\/wp\/v2\/categories?post=8649"},{"taxonomy":"post_tag","embeddable":true,"href":"https:\/\/ciep.cl\/inicio\/wp-json\/wp\/v2\/tags?post=8649"}],"curies":[{"name":"wp","href":"https:\/\/api.w.org\/{rel}","templated":true}]}}