{"id":8663,"date":"2024-11-25T11:30:43","date_gmt":"2024-11-25T14:30:43","guid":{"rendered":"http:\/\/www.ciep.cl\/?p=8663"},"modified":"2024-11-25T11:30:43","modified_gmt":"2024-11-25T14:30:43","slug":"seminario-fomenta-el-dialogo-entre-ciencia-y-comunidad-local-para-la-valorizacion-de-la-reserva-de-biosfera-laguna-san-rafael","status":"publish","type":"post","link":"https:\/\/ciep.cl\/inicio\/2024\/11\/25\/seminario-fomenta-el-dialogo-entre-ciencia-y-comunidad-local-para-la-valorizacion-de-la-reserva-de-biosfera-laguna-san-rafael\/","title":{"rendered":"Seminario fomenta el di\u00e1logo entre ciencia y comunidad local para la Valorizaci\u00f3n de la Reserva de Biosfera Laguna San Rafael"},"content":{"rendered":"\n<ul class=\"wp-block-list\"><li><strong><em>En el marco del II Seminario y Encuentro Cient\u00edfico Cultural realizado en la comuna, cient\u00edficos, y comunidades locales se reunieron para generar estrategias conjuntas que promuevan la conservaci\u00f3n y valorizaci\u00f3n de la Reserva de Biosfera Laguna San Rafael y el Guayaneco.&nbsp;<\/em><\/strong><\/li><\/ul>\n\n\n\n<ul class=\"wp-block-list\"><li><strong><em>Durante el evento, se present\u00f3 la gu\u00eda de valorizaci\u00f3n de la reserva, se discutieron temas emergentes de investigaci\u00f3n y se destacaron iniciativas clave para la protecci\u00f3n del territorio.<\/em><\/strong>&nbsp;<\/li><\/ul>\n\n\n\n<p>Cochrane, [15 Noviembre] \u2013 generar una instancia de di\u00e1logo y reflexi\u00f3n en torno a la valorizaci\u00f3n de la reserva de biosfera de la regi\u00f3n de Ays\u00e9n fue el principal objetivo del II Seminario y Encuentro Cient\u00edfico Cultural para la puesta en valor de la Reserva de Biosfera Laguna San Rafael y El Guayaneco realizado entre los d\u00edas 14 y 16 de noviembre en la comuna de Cochrane, destacando la importancia de la reserva y las diversas actividades que buscan promover su conservaci\u00f3n y valorizaci\u00f3n.&nbsp;<\/p>\n\n\n\n<p>El seminario, cont\u00f3 con la presentaci\u00f3n de las actividades ejecutadas en el marco del proyecto FIC \u00abEstudio de la resiliencia, sustentabilidad y valorizaci\u00f3n de la Reserva de la Biosfera Laguna San Rafael y El Guayaneco\u00bb, ejecutado por el Centro de Investigaci\u00f3n en Ecosistemas de la Patagonia (CIEP) en colaboraci\u00f3n con diversas instituciones asociadas como la Estaci\u00f3n Patagonia UC; Corporaci\u00f3n Chelenko, Universidad Grenoble Alpes, Corporaci\u00f3n de Desarrollo de Ays\u00e9n (Codesa), Corporaci\u00f3n Los Glaciares y CONAF Ays\u00e9n, gracias financiamiento del Fondo de Innovaci\u00f3n para la Competitividad (FIC) del Gobierno Regional de Ays\u00e9n.&nbsp;<\/p>\n\n\n\n<p>En la ocasi\u00f3n, el Director de Proyecto e investigador residente de CIEP, Fabien Bourlon destac\u00f3 la posibilidad de generar un espacio de encuentro en torno a la reserva de biosfera. <strong><em>\u201cEl objetivo de este encuentro era poder juntar a personas que est\u00e1n haciendo cosas en la reserva de biosfera y no solamente abordar temas cient\u00edficos o t\u00e9cnicos, poder mostrar iniciativas que lleva la propia comunidad desde hace muchos a\u00f1os. Creo que si logramos mostrar que hay distintas escalas de mirada, la escala un poco m\u00e1s global, internacional y regional, que es una reserva de biosfera de la UNESCO y escalas locales, donde en cada localidad hay iniciativas que son destacables<\/em><\/strong><em>. Todos estos elementos confluyen para darnos un panorama bastante alentador de lo que se est\u00e1 haciendo para la promoci\u00f3n del territorio, la educaci\u00f3n y la ciencia<\/em>\u201d, indic\u00f3 el investigador.&nbsp;<\/p>\n\n\n\n<p>En la ocasi\u00f3n, adem\u00e1s se present\u00f3 la Gu\u00eda de Valorizaci\u00f3n de la Reserva de Biosfera Laguna San Rafael y El Guayaneco, material de divulgaci\u00f3n orientado a dar a conocer la existencia de la reserva, sus zonas, \u00e1reas, delimitaci\u00f3n territorial, as\u00ed como tambi\u00e9n, la biodiversidad y patrimonio de \u00e9sta, con el objetivo de poner en valor con actores locales este territorio. La primera jornada finaliz\u00f3 con la presentaci\u00f3n musical de la banda <em>Los de San Lorenzo<\/em>, con el objetivo de destacar a los creadores locales que habitan la reserva de biosfera.&nbsp;<\/p>\n\n\n\n<p>Desde el \u00e1mbito cient\u00edfico, el director de la Estaci\u00f3n Patagonia UC, Alejandro Salazar y director cient\u00edfico del proyecto FIC, dio a conocer los temas emergentes de la reserva, identificando \u00e1reas clave para profundizar en el estudio de la biodiversidad, la resiliencia ecol\u00f3gica y las pr\u00e1cticas sostenibles en la reserva de biosfera. Se destacan como temas claves los refugios clim\u00e1ticos, la subdivisi\u00f3n del suelo rural y las actividades extractivas al interior de la reserva, entre otras.&nbsp;<\/p>\n\n\n\n<p>El seminario tambi\u00e9n puso de relieve los desaf\u00edos que enfrenta la reserva en torno a la conformaci\u00f3n de su comit\u00e9 de gesti\u00f3n, que busca integrar a los actores del territorio en la toma de decisiones sobre la conservaci\u00f3n y el uso de los recursos naturales de la reserva. En la ocasi\u00f3n, estuvo presente Ricardo Quilaqueo, Punto Focal del programa MAB Unesco en Chile (Conaf), quien destac\u00f3 la posibilidad de generar encuentros que permitan promover el desarrollo local en los territorios que incluye una reserva de biosfera. \u201c<strong><em>El inter\u00e9s que tenemos de propiciar estos encuentros para que los vecinos, las comunidades locales y aleda\u00f1as puedan conversar en relaci\u00f3n a los problemas que tienen en el contacto del d\u00eda a d\u00eda con las \u00e1reas protegidas. No olvidemos que hay usos hist\u00f3ricos por parte de las comunidades dentro de las \u00e1reas protegidas y una de las razones por las cuales se crea este modelo de reserva de bi\u00f3sfera es justamente abordar de una manera bastante hol\u00edstica la resoluci\u00f3n de estos conflictos de manera tal de que el \u00e1rea protegida se convierta en un motor para el mejoramiento del desarrollo local y no ser una isla de conservaci\u00f3n que no brinda oportunidades para su entorno<\/em><\/strong>\u201d, se\u00f1al\u00f3 el representante de Conaf.&nbsp;<\/p>\n\n\n\n<figure class=\"wp-block-gallery columns-3 is-cropped wp-block-gallery-1 is-layout-flex wp-block-gallery-is-layout-flex\"><ul class=\"blocks-gallery-grid\"><li class=\"blocks-gallery-item\"><figure><img decoding=\"async\" src=\"http:\/\/www.ciep.cl\/wp-content\/uploads\/2024\/11\/Foto-Seminario-RDB-Feria-de-Ecoactores-001-1024x768.jpg\" alt=\"\" data-id=\"8665\" data-full-url=\"http:\/\/www.ciep.cl\/wp-content\/uploads\/2024\/11\/Foto-Seminario-RDB-Feria-de-Ecoactores-001-scaled.jpg\" data-link=\"http:\/\/www.ciep.cl\/?attachment_id=8665\" class=\"wp-image-8665\"\/><\/figure><\/li><li class=\"blocks-gallery-item\"><figure><img decoding=\"async\" src=\"http:\/\/www.ciep.cl\/wp-content\/uploads\/2024\/11\/Foto-Seminario-RDB-003-1024x683.jpg\" alt=\"\" data-id=\"8666\" data-full-url=\"http:\/\/www.ciep.cl\/wp-content\/uploads\/2024\/11\/Foto-Seminario-RDB-003-scaled.jpg\" data-link=\"http:\/\/www.ciep.cl\/?attachment_id=8666\" class=\"wp-image-8666\"\/><\/figure><\/li><li class=\"blocks-gallery-item\"><figure><img decoding=\"async\" src=\"http:\/\/www.ciep.cl\/wp-content\/uploads\/2024\/11\/Foto-Seminario-RDB-002-1024x683.jpg\" alt=\"\" data-id=\"8667\" data-full-url=\"http:\/\/www.ciep.cl\/wp-content\/uploads\/2024\/11\/Foto-Seminario-RDB-002-scaled.jpg\" data-link=\"http:\/\/www.ciep.cl\/?attachment_id=8667\" class=\"wp-image-8667\"\/><\/figure><\/li><\/ul><\/figure>\n\n\n\n<p><strong>Iniciativas destacadas en la Reserva de Biosfera<\/strong><\/p>\n\n\n\n<p>El encuentro adem\u00e1s destac\u00f3 iniciativas que se est\u00e1n desarrollando en el territorio que conforma la reserva de biosfera, tales como el trabajo que se encuentra desarrollando la Corporaci\u00f3n Chelenko denominado: \u201cTurismo Cero Impacto:&nbsp; Valor agregado y adaptaci\u00f3n clim\u00e1tica con cocina local y gesti\u00f3n de residuos\u201d. Asimismo, se present\u00f3 el trabajol que realiza a Fundaci\u00f3n Bio Red que busca promover y contribuir a la conservaci\u00f3n biocultural de la Patagonia y sus comunidades y la iniciativa de limpieza de playas realizada recientemente en Laguna San Rafael de manera colaborativa por diversas organizaciones, en la zona n\u00facleo de la reserva.&nbsp;<\/p>\n\n\n\n<p>El seminario cont\u00f3 con la participaci\u00f3n de una delegaci\u00f3n de actores y actoras de las localidades de Tortel, Puerto Ays\u00e9n, Murta, Puerto Bertrand, Puerto Tranquilo y de la propia comunidad de Cochrane, quienes est\u00e1n trabajando activamente en el territorio de la reserva. Lideran actividades que buscan poner en valor este importante ecosistema y fortalecer su preservaci\u00f3n para las futuras generaciones. En la ocasi\u00f3n, Felipe Ram\u00edrez de la Corporaci\u00f3n de Turismo de la Patagonia agradeci\u00f3 la posibilidad de conocer las acciones que se est\u00e1n desarrollando en la reserva de biosfera. <strong><em>\u201cPrimero que todo, quiero agradecer al CIEP por la oportunidad que nos da a los territorios subnacionales como este, en una regi\u00f3n que tan necesariamente necesita discutir, debatir, ponerse de acuerdo, en torno a cuestiones tan importantes como es la gesti\u00f3n de una reserva de la biosfera. Creo que nosotros, los actores locales, aquellas personas que tenemos alg\u00fan nivel de compromiso con el desarrollo sustentable en nuestra regi\u00f3n, es una oportunidad maravillosa para poder compartir con otros actores, con otras miradas, los aprendizajes que hoy d\u00eda el CIEP puso en disposici\u00f3n de todos nosotro<\/em><\/strong>s\u201d, indic\u00f3 el representante de Puerto Ays\u00e9n.&nbsp;<\/p>\n\n\n\n<p>El evento finaliz\u00f3 con la entrega de la Gu\u00eda de Valorizaci\u00f3n a la Asociaci\u00f3n de Gu\u00edas de la Patagonia (AGAP ) y la Agrupaci\u00f3n de Gu\u00edas de Cochrane para que pueda ser utilizado en el trabajo que desarrollan en las distintas zonas de la reserva.&nbsp;&nbsp;<\/p>\n\n\n\n<p>El dia sabado en tanto, se realiz\u00f3 una feria de eco-actores, donde se exhibieron productos y servicios que contribuyen al desarrollo sostenible de la regi\u00f3n, adem\u00e1s de&nbsp; actividades de divulgaci\u00f3n con alumnos de la Escuela B\u00e1sica de Cochrane y el Liceo Austral Lord Cochrane para dar a conocer la importancia de la reserva de biosfera.&nbsp;<\/p>\n\n\n\n<p>De esta manera, el evento resalt\u00f3 la relevancia de la Reserva de Biosfera Laguna San Rafael y el Guayaneco como un espacio de conservaci\u00f3n y desarrollo sostenible, donde la colaboraci\u00f3n entre cient\u00edficos, autoridades, comunidades locales y visitantes es fundamental para asegurar su protecci\u00f3n a largo plazo.<\/p>\n\n\n\n<figure class=\"wp-block-image size-large\"><img decoding=\"async\" src=\"http:\/\/www.ciep.cl\/wp-content\/uploads\/2024\/11\/B_Lectura-Guia-Valorizacion-Seminario-RDB-1024x683.jpg\" alt=\"\" class=\"wp-image-8668\"\/><\/figure>\n","protected":false},"excerpt":{"rendered":"<p>En el marco del II Seminario y Encuentro Cient\u00edfico Cultural realizado en la comuna, cient\u00edficos, y comunidades locales se reunieron para generar estrategias conjuntas que promuevan la conservaci\u00f3n y valorizaci\u00f3n de la Reserva de Biosfera Laguna San Rafael y el &#8230; <\/p>\n<p class=\"read-more-container\"><a title=\"Seminario fomenta el di\u00e1logo entre ciencia y comunidad local para la Valorizaci\u00f3n de la Reserva de Biosfera Laguna San Rafael\" class=\"read-more button\" href=\"https:\/\/ciep.cl\/inicio\/2024\/11\/25\/seminario-fomenta-el-dialogo-entre-ciencia-y-comunidad-local-para-la-valorizacion-de-la-reserva-de-biosfera-laguna-san-rafael\/#more-8663\" aria-label=\"Leer m\u00e1s sobre Seminario fomenta el di\u00e1logo entre ciencia y comunidad local para la Valorizaci\u00f3n de la Reserva de Biosfera Laguna San Rafael\">Leer m\u00e1s<\/a><\/p>\n","protected":false},"author":3,"featured_media":8664,"comment_status":"open","ping_status":"open","sticky":false,"template":"","format":"standard","meta":{"footnotes":""},"categories":[5,64],"tags":[80,42],"class_list":["post-8663","post","type-post","status-publish","format-standard","has-post-thumbnail","hentry","category-noticias","category-turismo-sustentable","tag-alexandra-salazar","tag-fabien-bourlon","infinite-scroll-item"],"_links":{"self":[{"href":"https:\/\/ciep.cl\/inicio\/wp-json\/wp\/v2\/posts\/8663","targetHints":{"allow":["GET"]}}],"collection":[{"href":"https:\/\/ciep.cl\/inicio\/wp-json\/wp\/v2\/posts"}],"about":[{"href":"https:\/\/ciep.cl\/inicio\/wp-json\/wp\/v2\/types\/post"}],"author":[{"embeddable":true,"href":"https:\/\/ciep.cl\/inicio\/wp-json\/wp\/v2\/users\/3"}],"replies":[{"embeddable":true,"href":"https:\/\/ciep.cl\/inicio\/wp-json\/wp\/v2\/comments?post=8663"}],"version-history":[{"count":0,"href":"https:\/\/ciep.cl\/inicio\/wp-json\/wp\/v2\/posts\/8663\/revisions"}],"wp:featuredmedia":[{"embeddable":true,"href":"https:\/\/ciep.cl\/inicio\/wp-json\/"}],"wp:attachment":[{"href":"https:\/\/ciep.cl\/inicio\/wp-json\/wp\/v2\/media?parent=8663"}],"wp:term":[{"taxonomy":"category","embeddable":true,"href":"https:\/\/ciep.cl\/inicio\/wp-json\/wp\/v2\/categories?post=8663"},{"taxonomy":"post_tag","embeddable":true,"href":"https:\/\/ciep.cl\/inicio\/wp-json\/wp\/v2\/tags?post=8663"}],"curies":[{"name":"wp","href":"https:\/\/api.w.org\/{rel}","templated":true}]}}