{"id":8707,"date":"2024-11-26T15:27:43","date_gmt":"2024-11-26T18:27:43","guid":{"rendered":"http:\/\/www.ciep.cl\/?p=8707"},"modified":"2024-11-26T15:27:43","modified_gmt":"2024-11-26T18:27:43","slug":"destacada-divulgadora-cientifica-nelida-pohl-realizara-capacitacion-en-comunicacion-de-la-ciencia-en-coyhaique","status":"publish","type":"post","link":"https:\/\/ciep.cl\/inicio\/2024\/11\/26\/destacada-divulgadora-cientifica-nelida-pohl-realizara-capacitacion-en-comunicacion-de-la-ciencia-en-coyhaique\/","title":{"rendered":"Destacada divulgadora cient\u00edfica N\u00e9lida Pohl realizar\u00e1 capacitaci\u00f3n en comunicaci\u00f3n de la ciencia en Coyhaique"},"content":{"rendered":"\n<p><strong>La jornada \u201cDivulgaci\u00f3n de la Ciencia al fin del mundo\u201d es organizada por la red de articulaci\u00f3n Nodo Ciencia Austral y el Centro de Investigaci\u00f3n en Ecosistemas de la Patagonia. Se realizar\u00e1 los d\u00edas 26, 27 y 28 de noviembre en Coyhaique. Las inscripciones est\u00e1n abiertas para las charlas y talleres virtuales y presenciales en el Museo Regional de Ays\u00e9n.<\/strong><\/p>\n\n\n\n<p>En un mundo de creciente complejidad, la toma de decisiones, tanto personales como pol\u00edticas, se enriquece cada vez m\u00e1s al existir comprensi\u00f3n de nuestro entorno y la sociedad abordados por la ciencia. En ese contexto, su comunicaci\u00f3n es clave y es un \u00e1rea donde todos los actores relacionados con las comunicaciones, la ciencia, la tecnolog\u00eda, el conocimiento y la innovaci\u00f3n deben confluir.&nbsp;<\/p>\n\n\n\n<p>\u201cPorque el conocimiento cient\u00edfico est\u00e1 en constante evoluci\u00f3n y su comunicaci\u00f3n nos presenta permanentemente nuevos desaf\u00edos, desde Nodo Ciencia Austral y CIEP hemos dise\u00f1ado la jornada formativa<strong> <\/strong>\u201cDivulgaci\u00f3n de la ciencia al fin del mundo\u201d.<strong> <\/strong>Invitamos a la comunidad&nbsp; a sumarse a las distintas charlas y talleres, tanto presenciales como virtuales, donde podremos intercambiar herramientas esenciales de la comunicaci\u00f3n de la ciencia y generar conciencia sobre la importancia de compartir los hallazgos de nuestras investigaciones m\u00e1s all\u00e1 de la academia, llegando a la sociedad civil, al sector p\u00fablico y privado, en la misma l\u00ednea en que trabajamos en nuestra red de articulaci\u00f3n Nodo Ciencia Austral\u201d, comenta su director, el bi\u00f3logo e investigador Dr. Juan Carlos Aravena.<\/p>\n\n\n\n<p>La jornada abrir\u00e1 con una charla magistral abierta a todo p\u00fablico y titulada \u00bfDe qu\u00e9 sirve comunicar la ciencia de la regi\u00f3n a Ays\u00e9n?, la cual no requiere inscripci\u00f3n previa. Esta actividad se realizar\u00e1 el mi\u00e9rcoles 27 de noviembre a las 9:00 horas en el auditorio del Museo Regional de Ays\u00e9n. La relator\u00eda estar\u00e1 a cargo de la destacada divulgadora cient\u00edfica N\u00e9lida Pohl, Directora de Comunicaciones del Instituto de Ecolog\u00eda y Biodiversidad de Chile, quien tambi\u00e9n fue Presidenta de la Asociaci\u00f3n Chilena de Periodistas y Profesionales para la Comunicaci\u00f3n de la Ciencia y ha sido autora de diversos libros sobre divulgaci\u00f3ncient\u00edfica.&nbsp;<\/p>\n\n\n\n<p>\u201cEn esta charla abierta justamente voy a hablar de la importancia de llevar los conocimientos cient\u00edficos y el contenido cient\u00edfico, pero tambi\u00e9n el proceso de c\u00f3mo se hace ciencia, a audiencias extra acad\u00e9micas. Tambi\u00e9n voy a hablar sobre por qu\u00e9 es importante que esta no sea una labor que le deleguemos solamente a los medios de comunicaci\u00f3n, este es un campo por naturaleza interdisciplinario, donde necesitamos que la gente que est\u00e1 generando el conocimiento sea parte de este proceso y tambi\u00e9n necesitamos a gente de las comunicaciones, del arte, de las ciencias sociales y de la publicidad, etc. Voy a hacer ese llamado para que nos conectemos entre todas estas comunidades que viven en la regi\u00f3n y as\u00ed vayamos avanzando en la interdisciplina que es la comunicaci\u00f3n de la ciencia\u201d, comenta la invitada N\u00e9lida Pohl.<\/p>\n\n\n\n<p>Tras la charla magistral, se invitar\u00e1 a los participantes a conocer una innovadora experiencia de divulgaci\u00f3n cient\u00edfica en la Regi\u00f3n de Ays\u00e9n que pr\u00f3ximamente abrir\u00e1 sus puertas en el Museo Regional de Ays\u00e9n. Se trata de un sitio arqueol\u00f3gico y paleontol\u00f3gico desarrollado como parte de un proyecto ciencia p\u00fablica dessrrollado por CIEP y titulado \u201cExcavemos el pasado de Ays\u00e9n\u201d. La visita guiada estar\u00e1 a cargo de la divulgadora Catalina Espinosa, tambi\u00e9n integrante del equipo Nodo Ciencia Austral.&nbsp;<\/p>\n\n\n\n<p>La jornada formativa contempla talleres dirigidos espec\u00edficamente a comunicadores(as), gestores(as) e investigadores(as), quienes deber\u00e1n inscribirse previamente. Estos se realizar\u00e1n los d\u00edas 27 y 28 de noviembre, ser\u00e1n facilitados por N\u00e9lida Pohl y est\u00e1n enfocados en entregar conceptos, herramientas y reflexiones para comunicar a diferentes agentes sociales las investigaciones que se realizan en la Macrozona Austral. De esta manera, se busca profundizar en su relevancia y urgencia, de modo efectivo, responsable y sensible a los requerimientos que demanda la ciudadan\u00eda. Se focalizar\u00e1 en entregar los principios b\u00e1sicos de la comunicaci\u00f3n de la ciencia, discutir por qu\u00e9 es necesaria y por qu\u00e9 es importante que se involucren las mismas personas que generan y transfieren conocimiento. Fundamentalmente, se entregar\u00e1n herramientas en comunicaci\u00f3n oral, escrita y gr\u00e1fica para llegar a diversas audiencias en una variedad de formatos.&nbsp;<\/p>\n\n\n\n<p><strong>Charlas virtuales: dise\u00f1o y storymaps<\/strong><\/p>\n\n\n\n<p>Desde el Centro de Investigaci\u00f3n en Ecosistemas de la Patagonia, el Subdirector de Vinculaci\u00f3n y Transferencia, Alexis Catal\u00e1n, destaca que \u201cesta iniciativa presenta una gran oportunidad para las instituciones que hacemos investigaci\u00f3n, pero tambi\u00e9n para todos y todas las que nos gusta saber sobre los conocimientos cient\u00edficos y sobre los avances tecnol\u00f3gicos\u201d. Agrega tambi\u00e9n que ser\u00e1 un espacio que nos permitir\u00e1 \u201cencontrarnos, formarnos, compartir experiencias y conocer a profesionales en el \u00e1rea que llevan varios a\u00f1os ya trabajando en esto y que nos estar\u00e1n compartiendo su trabajo. Adem\u00e1s tendremos un taller de StoryMap que es una herramienta muy novedosa para comunicar ciencias\u201d.<\/p>\n\n\n\n<p>En esa l\u00ednea, para quienes no puedan participar presencialmente en Coyhaique, la programaci\u00f3n de la jornada \u201cDivulgaci\u00f3n de la ciencia al fin del mundo\u201d contempla dos charlas virtuales que se llevar\u00e1n a cabo el d\u00eda martes 26 de noviembre.<\/p>\n\n\n\n<p>Entre las 10:00 y las 13:00 horas se realizar\u00e1 el taller online \u00abAprende a crear storymaps\u00bb, cuyas inscripciones est\u00e1n abiertas para quienes trabajan con datos espaciales y se interesan en la divulgaci\u00f3n cient\u00edfica. Un espacio para descubrir la herramienta web ArcGIS Storymaps y crear narraciones interactivas, integrando mapas y diversos contenidos multimedia. Es una aplicaci\u00f3n online que permite comunicar desde un enfoque espacial, combinando la visualizaci\u00f3n de mapas con recursos gr\u00e1ficos. https:\/\/docs.google.com\/forms\/d\/e\/1FAIpQLSePg-52Y-6dT4a2hPqTj27F4g7-P5S1F9zspHGaRpO7Rgw3_A\/viewform?fbclid=PAY2xjawGr_4tleHRuA2FlbQIxMAABppB-neVVLR1bnj8bWqNo1My2v2uCPueqOCGeE0rgMyhX8PNYMhJn8eKchQ_aem_O82nw2ITdntSWb8b514THwTambi\u00e9n se presentar\u00e1 la plataforma Geoportal Ciencia Austral y se ense\u00f1ar\u00e1 a alojar datos all\u00ed, facilitando la divulgaci\u00f3n y transferencia del conocimiento cient\u00edfico de manera accesible y atractiva, favoreciendo la comprensi\u00f3n y experiencia educativa de las investigaciones que se realizan en la Macrozona Austral.<\/p>\n\n\n\n<p>Este taller ser\u00e1 dictado por los profesionales Hungr\u00eda Salgado, Ingeniera de Soluciones de Esri Chile; y Juan Jos\u00e9 Gaete, Especialista en SIG del Geoportal Ciencia Austral y CIEP. Principalmente est\u00e1 dirigido a generadores y divulgadores de conocimiento, adem\u00e1s de gestores de informaci\u00f3n territorial de instituciones y\/o iniciativas ligadas a la CTCI en las regiones de Ays\u00e9n y Magallanes.&nbsp;<\/p>\n\n\n\n<p>Durante la tarde del martes 26 de noviembre a las 17:00 horas se realizar\u00e1 la charla online \u201cDise\u00f1o de publicaciones para divulgaci\u00f3n cient\u00edfica\u201d, un espacio abierto a todo p\u00fablico y enfocado en c\u00f3mo pensar un libro, hacer un libro y circular un libro. La relator\u00eda estar\u00e1 a cargo de Luis Rojas, fundador y director del estudio Negro Dise\u00f1o, especializado en dise\u00f1o editorial, tipograf\u00eda y en proyectos de identidad gr\u00e1fica.&nbsp;<\/p>\n\n\n\n<p>Para inscripciones en las charlas y talleres de la jornada \u201cDivulgaci\u00f3n de la ciencia al fin del mundo\u201d, entra a link a continuaci\u00f3n.&nbsp;<\/p>\n\n\n\n<p><a href=\"https:\/\/forms.gle\/JSg7cryfB9L97EG67\">https:\/\/forms.gle\/JSg7cryfB9L97EG67<\/a><\/p>\n\n\n\n<figure class=\"wp-block-image size-large\"><img decoding=\"async\" src=\"http:\/\/www.ciep.cl\/wp-content\/uploads\/2024\/11\/WhatsApp-Image-2024-11-26-at-12.39.44-724x1024.jpeg\" alt=\"\" class=\"wp-image-8710\"\/><\/figure>\n","protected":false},"excerpt":{"rendered":"<p>La jornada \u201cDivulgaci\u00f3n de la Ciencia al fin del mundo\u201d es organizada por la red de articulaci\u00f3n Nodo Ciencia Austral y el Centro de Investigaci\u00f3n en Ecosistemas de la Patagonia. Se realizar\u00e1 los d\u00edas 26, 27 y 28 de noviembre &#8230; <\/p>\n<p class=\"read-more-container\"><a title=\"Destacada divulgadora cient\u00edfica N\u00e9lida Pohl realizar\u00e1 capacitaci\u00f3n en comunicaci\u00f3n de la ciencia en Coyhaique\" class=\"read-more button\" href=\"https:\/\/ciep.cl\/inicio\/2024\/11\/26\/destacada-divulgadora-cientifica-nelida-pohl-realizara-capacitacion-en-comunicacion-de-la-ciencia-en-coyhaique\/#more-8707\" aria-label=\"Leer m\u00e1s sobre Destacada divulgadora cient\u00edfica N\u00e9lida Pohl realizar\u00e1 capacitaci\u00f3n en comunicaci\u00f3n de la ciencia en Coyhaique\">Leer m\u00e1s<\/a><\/p>\n","protected":false},"author":3,"featured_media":8709,"comment_status":"open","ping_status":"open","sticky":false,"template":"","format":"standard","meta":{"footnotes":""},"categories":[5],"tags":[96],"class_list":["post-8707","post","type-post","status-publish","format-standard","has-post-thumbnail","hentry","category-noticias","tag-alexis-catalan","infinite-scroll-item"],"_links":{"self":[{"href":"https:\/\/ciep.cl\/inicio\/wp-json\/wp\/v2\/posts\/8707","targetHints":{"allow":["GET"]}}],"collection":[{"href":"https:\/\/ciep.cl\/inicio\/wp-json\/wp\/v2\/posts"}],"about":[{"href":"https:\/\/ciep.cl\/inicio\/wp-json\/wp\/v2\/types\/post"}],"author":[{"embeddable":true,"href":"https:\/\/ciep.cl\/inicio\/wp-json\/wp\/v2\/users\/3"}],"replies":[{"embeddable":true,"href":"https:\/\/ciep.cl\/inicio\/wp-json\/wp\/v2\/comments?post=8707"}],"version-history":[{"count":0,"href":"https:\/\/ciep.cl\/inicio\/wp-json\/wp\/v2\/posts\/8707\/revisions"}],"wp:featuredmedia":[{"embeddable":true,"href":"https:\/\/ciep.cl\/inicio\/wp-json\/"}],"wp:attachment":[{"href":"https:\/\/ciep.cl\/inicio\/wp-json\/wp\/v2\/media?parent=8707"}],"wp:term":[{"taxonomy":"category","embeddable":true,"href":"https:\/\/ciep.cl\/inicio\/wp-json\/wp\/v2\/categories?post=8707"},{"taxonomy":"post_tag","embeddable":true,"href":"https:\/\/ciep.cl\/inicio\/wp-json\/wp\/v2\/tags?post=8707"}],"curies":[{"name":"wp","href":"https:\/\/api.w.org\/{rel}","templated":true}]}}