{"id":8732,"date":"2024-12-06T13:52:13","date_gmt":"2024-12-06T16:52:13","guid":{"rendered":"http:\/\/www.ciep.cl\/?p=8732"},"modified":"2024-12-06T13:52:13","modified_gmt":"2024-12-06T16:52:13","slug":"museo-regional-de-aysen-y-ciep-inauguran-innovadora-excavacion-arqueologica-y-paleontologica-interactiva","status":"publish","type":"post","link":"https:\/\/ciep.cl\/inicio\/2024\/12\/06\/museo-regional-de-aysen-y-ciep-inauguran-innovadora-excavacion-arqueologica-y-paleontologica-interactiva\/","title":{"rendered":"Museo Regional de Ays\u00e9n y CIEP inauguran innovadora excavaci\u00f3n arqueol\u00f3gica y paleontol\u00f3gica interactiva"},"content":{"rendered":"\n<p>En un esfuerzo por acercar la ciencia a la ciudadan\u00eda y fomentar la valoraci\u00f3n del patrimonio regional, el Centro de Investigaci\u00f3n en Ecosistemas de la Patagonia (CIEP) y el Museo Regional de Ays\u00e9n han dado vida a una experiencia \u00fanica: un espacio interactivo que recrea una excavaci\u00f3n arqueol\u00f3gica y paleontol\u00f3gica. Esta nueva iniciativa promete transportar a los visitantes en un fascinante viaje al pasado, mientras exploran la riqueza hist\u00f3rica y natural de la regi\u00f3n.<\/p>\n\n\n\n<p><strong>Una ventana al pasado de Ays\u00e9n<\/strong><strong><\/strong><\/p>\n\n\n\n<p>La regi\u00f3n de Ays\u00e9n cuenta con un valioso patrimonio en paleontolog\u00eda y arqueolog\u00eda, con hallazgos emblem\u00e1ticos como el Chilesaurio y vestigios que narran las primeras ocupaciones humanas del territorio. Inspirado por esta riqueza, el proyecto <strong>\u00abExcavemos el Pasado de Ays\u00e9n\u00bb<\/strong>&nbsp;fue desarrollado por un equipo multidisciplinario del CIEP, el Museo Regional de Ays\u00e9n y el PAR Explora Ays\u00e9n, financiado por el programa Ciencia P\u00fablica del Ministerio de Ciencia, Tecnolog\u00eda, Conocimiento e Innovaci\u00f3n.<\/p>\n\n\n\n<p>Catalina Espinosa, directora del proyecto y encargada&nbsp;del \u00e1rea de Vinculaci\u00f3n y Transferencia del CIEP, destaca: <em>\u00abEsta iniciativa est\u00e1 pensada principalmente para las ni\u00f1eces, pero tambi\u00e9n para personas de todas las edades que disfrutan de la paleontolog\u00eda y la arqueolog\u00eda. Queremos que las y los visitantes se sumerjan en estas disciplinas de forma pr\u00e1ctica y l\u00fadica, desarrollando habilidades cient\u00edficas desde temprana edad.\u00bb<\/em><em><\/em><\/p>\n\n\n\n<p><em>La seremi de Ciencia, Ver\u00f3nica Vallejos, indic\u00f3 que \u201cesta iniciativa cumple a cabalidad con el objetivo que persigue el Programa Ciencia P\u00fablica de nuestro ministerio, es decir, acerca los conocimientos cient\u00edficos a las personas a trav\u00e9s de interacciones y experiencias significativas, y fomenta su pensamiento cr\u00edtico. Felicito al CIEP por el liderazgo en la implementaci\u00f3n de este novedoso espacio, junto al Museo Regional de Ays\u00e9n y al PAR Explora, el cual permite unir dos \u00e1reas muy interesantes de la regi\u00f3n como lo son la arqueolog\u00eda y la paleontolog\u00eda, acercando el patrimonio territorial no solo a ni\u00f1as y ni\u00f1os, si no que al p\u00fablico en general\u201d.<\/em><em><\/em><\/p>\n\n\n\n<figure class=\"wp-block-gallery columns-2 is-cropped wp-block-gallery-1 is-layout-flex wp-block-gallery-is-layout-flex\"><ul class=\"blocks-gallery-grid\"><li class=\"blocks-gallery-item\"><figure><img decoding=\"async\" src=\"http:\/\/www.ciep.cl\/wp-content\/uploads\/2024\/12\/WhatsApp-Image-2024-12-05-at-17.39.31-768x1024.jpeg\" alt=\"\" data-id=\"8734\" data-full-url=\"http:\/\/www.ciep.cl\/wp-content\/uploads\/2024\/12\/WhatsApp-Image-2024-12-05-at-17.39.31-scaled.jpeg\" data-link=\"http:\/\/www.ciep.cl\/?attachment_id=8734\" class=\"wp-image-8734\"\/><\/figure><\/li><li class=\"blocks-gallery-item\"><figure><img decoding=\"async\" src=\"http:\/\/www.ciep.cl\/wp-content\/uploads\/2024\/12\/WhatsApp-Image-2024-12-05-at-17.28.53-1024x768.jpeg\" alt=\"\" data-id=\"8735\" data-full-url=\"http:\/\/www.ciep.cl\/wp-content\/uploads\/2024\/12\/WhatsApp-Image-2024-12-05-at-17.28.53-scaled.jpeg\" data-link=\"http:\/\/www.ciep.cl\/?attachment_id=8735\" class=\"wp-image-8735\"\/><\/figure><\/li><\/ul><\/figure>\n\n\n\n<p><strong>Un espacio dise\u00f1ado para la interacci\u00f3n y el aprendizaje<\/strong><strong><\/strong><\/p>\n\n\n\n<p>Ubicada en el \u00e1rea sur del Museo Regional de Ays\u00e9n, esta recreaci\u00f3n incluye una fosa de excavaci\u00f3n arqueol\u00f3gica y otra paleontol\u00f3gica, acompa\u00f1adas de elementos museogr\u00e1ficos que ilustran las diferentes \u00e9pocas del pasado regional, desde el per\u00edodo jur\u00e1sico hasta tiempos m\u00e1s recientes. Adem\u00e1s, cuenta con un laboratorio interactivo que permite a las y los visitantes realizar an\u00e1lisis cient\u00edficos simulados y dibujar arte rupestre en una mesa de luz.<\/p>\n\n\n\n<p>Daniel Gonz\u00e1lez, encargado de educaci\u00f3n del Museo y director de contenidos del proyecto, explica: <em>\u00abEste espacio busca que las y los visitantes experimenten el trabajo de arque\u00f3logos y paleont\u00f3logos, desarrollando habilidades cient\u00edficas y explorando diferentes eras de la historia regional. Es una forma \u00fanica de conectar con el pasado mientras se aprende de manera entretenida, con un fuerte \u00e9nfasis en el m\u00e9todo cient\u00edfico y la valoraci\u00f3n del patrimonio regional.\u00bb<\/em><em><\/em><\/p>\n\n\n\n<p><strong>Un esfuerzo colectivo para preservar la historia<\/strong><\/p>\n\n\n\n<p>\u201cEste tipo de proyectos colaborativos son la demostraci\u00f3n que en conjunto podemos generar m\u00e1s y mejores espacios culturales para la Regi\u00f3n\u201d, destaca el director del Museo Regional Gustavo Saldivia.<\/p>\n\n\n\n<p>\u00abExcavemos el Pasado de Ays\u00e9n\u00bb es el resultado de una colaboraci\u00f3n amplia y multidisciplinaria. Dirigido por Catalina Espinosa (CIEP) y con Daniel Gonz\u00e1lez como director de contenidos (Museo Regional de Ays\u00e9n), el proyecto involucr\u00f3 a expertos como las arque\u00f3logas Amalia Nuevo y Constanza Roa (CIEP) y C\u00e9sar M\u00e9ndez (PUC), junto a profesionales del Museo y del PAR Explora Ays\u00e9n. El dise\u00f1o, construcci\u00f3n y museograf\u00eda estuvo a cargo de la empresa Trazo Sur Ays\u00e9n con la colaboraci\u00f3n del constructor Carlos Serrano.<\/p>\n\n\n\n<p>Este innovador espacio invita a toda la comunidad a sumergirse en la historia de Ays\u00e9n, celebrando su patrimonio y fomentando el respeto y la protecci\u00f3n de sus tesoros culturales y naturales.<\/p>\n\n\n\n<p><strong>\u00a1Vis\u00edtalo y vive una experiencia inolvidable!<\/strong><\/p>\n\n\n\n<figure class=\"wp-block-gallery columns-2 is-cropped wp-block-gallery-2 is-layout-flex wp-block-gallery-is-layout-flex\"><ul class=\"blocks-gallery-grid\"><li class=\"blocks-gallery-item\"><figure><img decoding=\"async\" src=\"http:\/\/www.ciep.cl\/wp-content\/uploads\/2024\/12\/WhatsApp-Image-2024-12-05-at-17.52.26-1024x768.jpeg\" alt=\"\" data-id=\"8736\" data-full-url=\"http:\/\/www.ciep.cl\/wp-content\/uploads\/2024\/12\/WhatsApp-Image-2024-12-05-at-17.52.26-scaled.jpeg\" data-link=\"http:\/\/www.ciep.cl\/?attachment_id=8736\" class=\"wp-image-8736\"\/><\/figure><\/li><li class=\"blocks-gallery-item\"><figure><img decoding=\"async\" src=\"http:\/\/www.ciep.cl\/wp-content\/uploads\/2024\/12\/WhatsApp-Image-2024-12-05-at-16.23.25-768x1024.jpeg\" alt=\"\" data-id=\"8737\" data-full-url=\"http:\/\/www.ciep.cl\/wp-content\/uploads\/2024\/12\/WhatsApp-Image-2024-12-05-at-16.23.25-scaled.jpeg\" data-link=\"http:\/\/www.ciep.cl\/?attachment_id=8737\" class=\"wp-image-8737\"\/><\/figure><\/li><\/ul><\/figure>\n","protected":false},"excerpt":{"rendered":"<p>En un esfuerzo por acercar la ciencia a la ciudadan\u00eda y fomentar la valoraci\u00f3n del patrimonio regional, el Centro de Investigaci\u00f3n en Ecosistemas de la Patagonia (CIEP) y el Museo Regional de Ays\u00e9n han dado vida a una experiencia \u00fanica: &#8230; <\/p>\n<p class=\"read-more-container\"><a title=\"Museo Regional de Ays\u00e9n y CIEP inauguran innovadora excavaci\u00f3n arqueol\u00f3gica y paleontol\u00f3gica interactiva\" class=\"read-more button\" href=\"https:\/\/ciep.cl\/inicio\/2024\/12\/06\/museo-regional-de-aysen-y-ciep-inauguran-innovadora-excavacion-arqueologica-y-paleontologica-interactiva\/#more-8732\" aria-label=\"Leer m\u00e1s sobre Museo Regional de Ays\u00e9n y CIEP inauguran innovadora excavaci\u00f3n arqueol\u00f3gica y paleontol\u00f3gica interactiva\">Leer m\u00e1s<\/a><\/p>\n","protected":false},"author":3,"featured_media":8733,"comment_status":"open","ping_status":"open","sticky":false,"template":"","format":"standard","meta":{"footnotes":""},"categories":[5],"tags":[],"class_list":["post-8732","post","type-post","status-publish","format-standard","has-post-thumbnail","hentry","category-noticias","infinite-scroll-item"],"_links":{"self":[{"href":"https:\/\/ciep.cl\/inicio\/wp-json\/wp\/v2\/posts\/8732","targetHints":{"allow":["GET"]}}],"collection":[{"href":"https:\/\/ciep.cl\/inicio\/wp-json\/wp\/v2\/posts"}],"about":[{"href":"https:\/\/ciep.cl\/inicio\/wp-json\/wp\/v2\/types\/post"}],"author":[{"embeddable":true,"href":"https:\/\/ciep.cl\/inicio\/wp-json\/wp\/v2\/users\/3"}],"replies":[{"embeddable":true,"href":"https:\/\/ciep.cl\/inicio\/wp-json\/wp\/v2\/comments?post=8732"}],"version-history":[{"count":0,"href":"https:\/\/ciep.cl\/inicio\/wp-json\/wp\/v2\/posts\/8732\/revisions"}],"wp:featuredmedia":[{"embeddable":true,"href":"https:\/\/ciep.cl\/inicio\/wp-json\/"}],"wp:attachment":[{"href":"https:\/\/ciep.cl\/inicio\/wp-json\/wp\/v2\/media?parent=8732"}],"wp:term":[{"taxonomy":"category","embeddable":true,"href":"https:\/\/ciep.cl\/inicio\/wp-json\/wp\/v2\/categories?post=8732"},{"taxonomy":"post_tag","embeddable":true,"href":"https:\/\/ciep.cl\/inicio\/wp-json\/wp\/v2\/tags?post=8732"}],"curies":[{"name":"wp","href":"https:\/\/api.w.org\/{rel}","templated":true}]}}