{"id":8774,"date":"2025-01-20T15:03:10","date_gmt":"2025-01-20T18:03:10","guid":{"rendered":"http:\/\/www.ciep.cl\/?p=8774"},"modified":"2025-01-20T15:03:10","modified_gmt":"2025-01-20T18:03:10","slug":"ciep-estuvo-presente-en-congreso-futuro","status":"publish","type":"post","link":"https:\/\/ciep.cl\/inicio\/2025\/01\/20\/ciep-estuvo-presente-en-congreso-futuro\/","title":{"rendered":"CIEP estuvo presente en Congreso Futuro"},"content":{"rendered":"\n<p>Este viernes se viv\u00f3 una nueva jornada de Congreso Futuro en d\u00f3nde grandes expositores mostraron, en parte, lo que se viene para nuestra sociedad. En esta 14\u00aa versi\u00f3n, es la novena oportunidad en que est\u00e1 presente en la Regi\u00f3n de Ays\u00e9n, de manera presencial.<\/p>\n\n\n\n<p>Seg\u00fan explic\u00f3 la senadora por Ays\u00e9n, Ximena \u00d3rdenes en estos 14 a\u00f1os de historia, \u201cse ha conversado de cambio clim\u00e1tico, de industria sostenible, de inteligencia artificial, del impacto de las nuevas tecnolog\u00edas en el \u00e1mbito como la educaci\u00f3n y la salud\u201d.<\/p>\n\n\n\n<p>Los expositores presentes en la regi\u00f3n fueron Marcelo Kogan, Bioqu\u00edmico y Farmac\u00e9utico de la Universidad de Buenos Aires y Doctor en Qu\u00edmica Org\u00e1nica, quien tambi\u00e9n es profesor en el Departamento de Farmacolog\u00eda y Toxicolog\u00eda y Director de Desarrollo Acad\u00e9mico de la Facultad de Ciencias Qu\u00edmicas y Farmac\u00e9uticas de la Universidad de Chile, trae su charla \u201cDescifrando microinteracciones\u201d,&nbsp;y por otro lado el periodista espa\u00f1ol Juan Luis Manfredi &nbsp;con su charla titulada \u201cLos problemas pol\u00edticos y sociales no son una novedad\u201d.<\/p>\n\n\n\n<p>Este a\u00f1o Congreso Futuro se estructura este a\u00f1o entorno a la pregunta, \u00bfQu\u00e9 humanidad queremos ser? Seg\u00fan explic\u00f3 Ximena \u00d3rdenes \u201cya no se trata s\u00f3lo de ciencias exactas, sino que creemos tambi\u00e9n en que la humanidad esta en un punto en el cual debemos tener tambi\u00e9n una mirada desde otras perspectivas y construir preguntas y dise\u00f1o de respuestas para escenarios futuros\u201d<\/p>\n\n\n\n<p>Trace Gale, investigadora residente de CIEP explic\u00f3 que es muy importante participar en Congreso Futuro ya que exponen cient\u00edficos de escala mundial, \u201cpor lo que desde ac\u00e1 podemos dar nuestro punto de vista regional y agregar toda la ciencia y aprendizaje que estamos desarrollando aqu\u00ed en la regi\u00f3n a las discusiones que vamos a tener\u201d.<\/p>\n\n\n\n<p>Para Gerald Oliver, director ejecutivo de CIEP, este a\u00f1o tenemos la visita de grandes expositores, \u201cque nos hablan de algunas de las novedades en tecnolog\u00eda, en sociedad, que seguramente se van a dar en los pr\u00f3ximos a\u00f1os por lo tanto para el CIEP estar alerta y tener esa informaci\u00f3n al lado de otras instituciones es de una importancia fundamental por eso participamos cada a\u00f1o y esperamos exposiciones fant\u00e1sticas en las \u00e1reas de experticia de los dos investigadores de talla internacional que participan.\u201d<\/p>\n\n\n\n<figure class=\"wp-block-image size-large\"><img decoding=\"async\" src=\"http:\/\/www.ciep.cl\/wp-content\/uploads\/2025\/01\/Gerard_Olivier-1024x576.jpg\" alt=\"\" class=\"wp-image-8776\"\/><\/figure>\n\n\n\n<p>Uno de los expositores, Juan Luis Manfredi, periodista y catedr\u00e1tico de la Universidad de Castilla de la Mancha experto en globalizaci\u00f3n, diplomacia y relaciones internacionales, afirm\u00f3 respecto a este congreso que \u201cel futuro es un territorio que tenemos que conquistar hay una serie de cambios en el escenario internacional que tiene que ver con el auge de los populismos, la emergencia de nuevas potencias, que tiene que ver con un cambio de paradigma econ\u00f3mico y tenemos que construir un futuro de gobernanza en donde la diplomacia sea una herramienta que nos sirva para compartir, para tener alianzas, para tener espacios para el di\u00e1logo y la conversaci\u00f3n; de eso va a tratar buena parte del Congreso Futuro, y que es un reto que todas las democracias debemos enfrentar con desaf\u00edo y much\u00edsimo inter\u00e9s.\u201d<\/p>\n\n\n\n<figure class=\"wp-block-gallery columns-2 is-cropped wp-block-gallery-1 is-layout-flex wp-block-gallery-is-layout-flex\"><ul class=\"blocks-gallery-grid\"><li class=\"blocks-gallery-item\"><figure><img decoding=\"async\" src=\"http:\/\/www.ciep.cl\/wp-content\/uploads\/2025\/01\/Ximena_Ordenes-1024x576.jpg\" alt=\"\" data-id=\"8777\" data-full-url=\"http:\/\/www.ciep.cl\/wp-content\/uploads\/2025\/01\/Ximena_Ordenes.jpg\" data-link=\"http:\/\/www.ciep.cl\/?attachment_id=8777\" class=\"wp-image-8777\"\/><\/figure><\/li><li class=\"blocks-gallery-item\"><figure><img decoding=\"async\" src=\"http:\/\/www.ciep.cl\/wp-content\/uploads\/2025\/01\/Juan-Luis-Manfredi-1024x576.jpg\" alt=\"\" data-id=\"8778\" data-full-url=\"http:\/\/www.ciep.cl\/wp-content\/uploads\/2025\/01\/Juan-Luis-Manfredi.jpg\" data-link=\"http:\/\/www.ciep.cl\/?attachment_id=8778\" class=\"wp-image-8778\"\/><\/figure><\/li><\/ul><\/figure>\n\n\n\n<p>Congreso Futuro en la Regi\u00f3n de Ays\u00e9n cont\u00f3 con el trabajo colaborativo de CIEP, la oficina parlamentaria de la Senadora Ximena Ordenes, la Universidad de Ays\u00e9n, y sumado al trabajo de INJUV.<\/p>\n","protected":false},"excerpt":{"rendered":"<p>Este viernes se viv\u00f3 una nueva jornada de Congreso Futuro en d\u00f3nde grandes expositores mostraron, en parte, lo que se viene para nuestra sociedad. En esta 14\u00aa versi\u00f3n, es la novena oportunidad en que est\u00e1 presente en la Regi\u00f3n de &#8230; <\/p>\n<p class=\"read-more-container\"><a title=\"CIEP estuvo presente en Congreso Futuro\" class=\"read-more button\" href=\"https:\/\/ciep.cl\/inicio\/2025\/01\/20\/ciep-estuvo-presente-en-congreso-futuro\/#more-8774\" aria-label=\"Leer m\u00e1s sobre CIEP estuvo presente en Congreso Futuro\">Leer m\u00e1s<\/a><\/p>\n","protected":false},"author":3,"featured_media":8775,"comment_status":"open","ping_status":"open","sticky":false,"template":"","format":"standard","meta":{"footnotes":""},"categories":[5],"tags":[46],"class_list":["post-8774","post","type-post","status-publish","format-standard","has-post-thumbnail","hentry","category-noticias","tag-trace-gale","infinite-scroll-item"],"_links":{"self":[{"href":"https:\/\/ciep.cl\/inicio\/wp-json\/wp\/v2\/posts\/8774","targetHints":{"allow":["GET"]}}],"collection":[{"href":"https:\/\/ciep.cl\/inicio\/wp-json\/wp\/v2\/posts"}],"about":[{"href":"https:\/\/ciep.cl\/inicio\/wp-json\/wp\/v2\/types\/post"}],"author":[{"embeddable":true,"href":"https:\/\/ciep.cl\/inicio\/wp-json\/wp\/v2\/users\/3"}],"replies":[{"embeddable":true,"href":"https:\/\/ciep.cl\/inicio\/wp-json\/wp\/v2\/comments?post=8774"}],"version-history":[{"count":0,"href":"https:\/\/ciep.cl\/inicio\/wp-json\/wp\/v2\/posts\/8774\/revisions"}],"wp:featuredmedia":[{"embeddable":true,"href":"https:\/\/ciep.cl\/inicio\/wp-json\/"}],"wp:attachment":[{"href":"https:\/\/ciep.cl\/inicio\/wp-json\/wp\/v2\/media?parent=8774"}],"wp:term":[{"taxonomy":"category","embeddable":true,"href":"https:\/\/ciep.cl\/inicio\/wp-json\/wp\/v2\/categories?post=8774"},{"taxonomy":"post_tag","embeddable":true,"href":"https:\/\/ciep.cl\/inicio\/wp-json\/wp\/v2\/tags?post=8774"}],"curies":[{"name":"wp","href":"https:\/\/api.w.org\/{rel}","templated":true}]}}