{"id":8881,"date":"2025-02-24T12:20:49","date_gmt":"2025-02-24T15:20:49","guid":{"rendered":"http:\/\/www.ciep.cl\/?p=8881"},"modified":"2025-02-24T12:20:49","modified_gmt":"2025-02-24T15:20:49","slug":"gobernador-regional-de-aysen-marcelo-santana-visita-ciep-para-impulsar-la-ciencia-con-impacto-regional","status":"publish","type":"post","link":"https:\/\/ciep.cl\/inicio\/2025\/02\/24\/gobernador-regional-de-aysen-marcelo-santana-visita-ciep-para-impulsar-la-ciencia-con-impacto-regional\/","title":{"rendered":"Gobernador Regional de Ays\u00e9n, Marcelo Santana, Visita CIEP para Impulsar la Ciencia con Impacto Regional"},"content":{"rendered":"\n<p><strong>19 de febrero de 2025<\/strong> &#8211; En un paso significativo hacia el desarrollo sostenible de la regi\u00f3n, el Gobernador Regional de Ays\u00e9n, <strong>Marcelo Santana<\/strong>, acompa\u00f1ado por su equipo, realiz\u00f3 una visita al <strong>Centro de Investigaci\u00f3n en Ecosistemas de la Patagonia (CIEP)<\/strong>. Esta visita tiene como objetivo conocer de primera mano las iniciativas de investigaci\u00f3n que recogen las necesidades del territorio y tienen impacto regional.<\/p>\n\n\n\n<p>Desde su fundaci\u00f3n en 2005 como parte de un programa del entonces CONICYT, el CIEP ha evolucionado hasta convertirse en una corporaci\u00f3n <strong>financiada por el Gobierno Regional de Ays\u00e9n,<\/strong> complementada por aportes de la <strong>Agencia de Investigaci\u00f3n y Desarrollo (ANID)<\/strong>. Su misi\u00f3n ha sido siempre generar ciencia b\u00e1sica sobre los ecosistemas, un conocimiento esencial para la ciencia aplicada, que se traduce en soluciones concretas para los desaf\u00edos locales.<\/p>\n\n\n\n<p><strong>Innovaci\u00f3n y Sustentabilidad: Un Compromiso Regional<\/strong><\/p>\n\n\n\n<p>Durante su recorrido por las instalaciones del CIEP, el Gobernador Santana destac\u00f3 la importancia de la investigaci\u00f3n aplicada en \u00e1reas clave como <strong>turismo sostenible<\/strong>, <strong>restauraci\u00f3n ecol\u00f3gica<\/strong>, <strong>mitigaci\u00f3n del cambio clim\u00e1tico<\/strong> y <strong>energ\u00edas renovables<\/strong>. \u201cEs crucial que el conocimiento generado se traduzca en herramientas efectivas para la toma de decisiones informadas que beneficien a las y los aiseninos y a las actividades que realizan\u201d, expres\u00f3.<\/p>\n\n\n\n<p>La visita incluy\u00f3 un recorrido por el laboratorio ambiental m\u00e1s avanzado de la zona sur austral de Chile, donde el Gobernador pudo observar investigaciones en <strong>ecolog\u00eda<\/strong>, <strong>agua dulce<\/strong> y <strong>arqueolog\u00eda<\/strong>. Adem\u00e1s, se discutieron temas relevantes como la <strong>contaminaci\u00f3n atmosf\u00e9rica, el desarrollo del turismo y la pesca<\/strong>, evidenciando el impacto directo de la investigaci\u00f3n en la vida diaria de la comunidad.<\/p>\n\n\n\n<figure class=\"wp-block-gallery columns-3 is-cropped wp-block-gallery-1 is-layout-flex wp-block-gallery-is-layout-flex\"><ul class=\"blocks-gallery-grid\"><li class=\"blocks-gallery-item\"><figure><img decoding=\"async\" src=\"http:\/\/www.ciep.cl\/wp-content\/uploads\/2025\/02\/DSC_0204-1024x678.jpg\" alt=\"\" data-id=\"8883\" data-full-url=\"http:\/\/www.ciep.cl\/wp-content\/uploads\/2025\/02\/DSC_0204-scaled.jpg\" data-link=\"http:\/\/www.ciep.cl\/?attachment_id=8883\" class=\"wp-image-8883\"\/><\/figure><\/li><li class=\"blocks-gallery-item\"><figure><img decoding=\"async\" src=\"http:\/\/www.ciep.cl\/wp-content\/uploads\/2025\/02\/DSC_0237-1024x678.jpg\" alt=\"\" data-id=\"8885\" data-full-url=\"http:\/\/www.ciep.cl\/wp-content\/uploads\/2025\/02\/DSC_0237-scaled.jpg\" data-link=\"http:\/\/www.ciep.cl\/?attachment_id=8885\" class=\"wp-image-8885\"\/><\/figure><\/li><li class=\"blocks-gallery-item\"><figure><img decoding=\"async\" src=\"http:\/\/www.ciep.cl\/wp-content\/uploads\/2025\/02\/DSC_0259-1024x678.jpg\" alt=\"\" data-id=\"8887\" data-full-url=\"http:\/\/www.ciep.cl\/wp-content\/uploads\/2025\/02\/DSC_0259-scaled.jpg\" data-link=\"http:\/\/www.ciep.cl\/?attachment_id=8887\" class=\"wp-image-8887\"\/><\/figure><\/li><\/ul><\/figure>\n\n\n\n<p><strong>Colaboraci\u00f3n para el Futuro<\/strong><\/p>\n\n\n\n<p>El Gobernador fue acompa\u00f1ado por Omar Mu\u00f1oz, jefe de la Divisi\u00f3n de Planificaci\u00f3n y Desarrollo Regional, y Fernando Guzm\u00e1n, jefe de la Divisi\u00f3n de Fomento e Industria. Juntos, sostuvieron una reuni\u00f3n con los principales directores del CIEP, incluyendo al presidente del directorio, <strong>H\u00e9ctor Canales<\/strong>, y al director ejecutivo, <strong>Dr. Gerard Olivar<\/strong> y subdirectores. &nbsp;En este encuentro, se abord\u00f3 el futuro plan estrat\u00e9gico de la corporaci\u00f3n para el periodo 2025-2030, subrayando la necesidad de fortalecer la investigaci\u00f3n aplicada a las actividades productivas de la regi\u00f3n.<\/p>\n\n\n\n<p>\u201cEste es un momento crucial para Ays\u00e9n. La investigaci\u00f3n que se realiza aqu\u00ed no solo es valiosa, sino que est\u00e1 profundamente conectada con nuestras realidades locales. Con un plan estrat\u00e9gico s\u00f3lido, podremos reforzar nuestra capacidad para tomar decisiones que beneficien a nuestra comunidad\u201d, concluy\u00f3 el Gobernador Santana.<\/p>\n\n\n\n<p>El Dr. Gerard Olivar-Tost, director ejecutivo del CIEP, enfatiz\u00f3 la relevancia de esta visita: \u00abLa visita del Gobernador Marcelo Santana y su equipo al CIEP ha sido un hito fundamental para fortalecer la conexi\u00f3n entre la investigaci\u00f3n cient\u00edfica y el desarrollo productivo de Ays\u00e9n. Haber mostrado en terreno y dialogar directamente con los investigadores, permiti\u00f3 evidenciar el enorme potencial que tiene la ciencia aplicada que se desarrolla en el CIEP para transformar sectores clave como la energ\u00eda, la inteligencia territorial, el turismo, etc. El respaldo del Gobernador y su equipo nos impulsa a seguir avanzando en una transferencia efectiva del conocimiento, asegurando que nuestras investigaciones generen un impacto real y tangible en la econom\u00eda regional y, como no, en la calidad de vida de sus habitantes\u201d.<\/p>\n\n\n\n<figure class=\"wp-block-gallery columns-3 is-cropped wp-block-gallery-2 is-layout-flex wp-block-gallery-is-layout-flex\"><ul class=\"blocks-gallery-grid\"><li class=\"blocks-gallery-item\"><figure><img decoding=\"async\" src=\"http:\/\/www.ciep.cl\/wp-content\/uploads\/2025\/02\/DSC_0191-1024x678.jpg\" alt=\"\" data-id=\"8884\" data-full-url=\"http:\/\/www.ciep.cl\/wp-content\/uploads\/2025\/02\/DSC_0191-scaled.jpg\" data-link=\"http:\/\/www.ciep.cl\/?attachment_id=8884\" class=\"wp-image-8884\"\/><\/figure><\/li><li class=\"blocks-gallery-item\"><figure><img decoding=\"async\" src=\"http:\/\/www.ciep.cl\/wp-content\/uploads\/2025\/02\/DSC_0264-1024x678.jpg\" alt=\"\" data-id=\"8886\" data-full-url=\"http:\/\/www.ciep.cl\/wp-content\/uploads\/2025\/02\/DSC_0264-scaled.jpg\" data-link=\"http:\/\/www.ciep.cl\/?attachment_id=8886\" class=\"wp-image-8886\"\/><\/figure><\/li><li class=\"blocks-gallery-item\"><figure><img decoding=\"async\" src=\"http:\/\/www.ciep.cl\/wp-content\/uploads\/2025\/02\/DSC_0278-1024x678.jpg\" alt=\"\" data-id=\"8888\" data-full-url=\"http:\/\/www.ciep.cl\/wp-content\/uploads\/2025\/02\/DSC_0278-scaled.jpg\" data-link=\"http:\/\/www.ciep.cl\/?attachment_id=8888\" class=\"wp-image-8888\"\/><\/figure><\/li><li class=\"blocks-gallery-item\"><figure><img decoding=\"async\" src=\"http:\/\/www.ciep.cl\/wp-content\/uploads\/2025\/02\/DSC_0291-1024x678.jpg\" alt=\"\" data-id=\"8889\" data-full-url=\"http:\/\/www.ciep.cl\/wp-content\/uploads\/2025\/02\/DSC_0291-scaled.jpg\" data-link=\"http:\/\/www.ciep.cl\/?attachment_id=8889\" class=\"wp-image-8889\"\/><\/figure><\/li><\/ul><\/figure>\n","protected":false},"excerpt":{"rendered":"<p>19 de febrero de 2025 &#8211; En un paso significativo hacia el desarrollo sostenible de la regi\u00f3n, el Gobernador Regional de Ays\u00e9n, Marcelo Santana, acompa\u00f1ado por su equipo, realiz\u00f3 una visita al Centro de Investigaci\u00f3n en Ecosistemas de la Patagonia &#8230; <\/p>\n<p class=\"read-more-container\"><a title=\"Gobernador Regional de Ays\u00e9n, Marcelo Santana, Visita CIEP para Impulsar la Ciencia con Impacto Regional\" class=\"read-more button\" href=\"https:\/\/ciep.cl\/inicio\/2025\/02\/24\/gobernador-regional-de-aysen-marcelo-santana-visita-ciep-para-impulsar-la-ciencia-con-impacto-regional\/#more-8881\" aria-label=\"Leer m\u00e1s sobre Gobernador Regional de Ays\u00e9n, Marcelo Santana, Visita CIEP para Impulsar la Ciencia con Impacto Regional\">Leer m\u00e1s<\/a><\/p>\n","protected":false},"author":3,"featured_media":8882,"comment_status":"open","ping_status":"open","sticky":false,"template":"","format":"standard","meta":{"footnotes":""},"categories":[5],"tags":[102],"class_list":["post-8881","post","type-post","status-publish","format-standard","has-post-thumbnail","hentry","category-noticias","tag-gerard-olivar","infinite-scroll-item"],"_links":{"self":[{"href":"https:\/\/ciep.cl\/inicio\/wp-json\/wp\/v2\/posts\/8881","targetHints":{"allow":["GET"]}}],"collection":[{"href":"https:\/\/ciep.cl\/inicio\/wp-json\/wp\/v2\/posts"}],"about":[{"href":"https:\/\/ciep.cl\/inicio\/wp-json\/wp\/v2\/types\/post"}],"author":[{"embeddable":true,"href":"https:\/\/ciep.cl\/inicio\/wp-json\/wp\/v2\/users\/3"}],"replies":[{"embeddable":true,"href":"https:\/\/ciep.cl\/inicio\/wp-json\/wp\/v2\/comments?post=8881"}],"version-history":[{"count":1,"href":"https:\/\/ciep.cl\/inicio\/wp-json\/wp\/v2\/posts\/8881\/revisions"}],"predecessor-version":[{"id":10777,"href":"https:\/\/ciep.cl\/inicio\/wp-json\/wp\/v2\/posts\/8881\/revisions\/10777"}],"wp:featuredmedia":[{"embeddable":true,"href":"https:\/\/ciep.cl\/inicio\/wp-json\/"}],"wp:attachment":[{"href":"https:\/\/ciep.cl\/inicio\/wp-json\/wp\/v2\/media?parent=8881"}],"wp:term":[{"taxonomy":"category","embeddable":true,"href":"https:\/\/ciep.cl\/inicio\/wp-json\/wp\/v2\/categories?post=8881"},{"taxonomy":"post_tag","embeddable":true,"href":"https:\/\/ciep.cl\/inicio\/wp-json\/wp\/v2\/tags?post=8881"}],"curies":[{"name":"wp","href":"https:\/\/api.w.org\/{rel}","templated":true}]}}