{"id":9146,"date":"2025-03-20T13:13:30","date_gmt":"2025-03-20T16:13:30","guid":{"rendered":"https:\/\/www.ciep.cl\/?p=9146"},"modified":"2025-03-20T13:13:30","modified_gmt":"2025-03-20T16:13:30","slug":"proyecto-2022-estudio-paisaje-arqueologico-rural-de-aysen-entre-los-siglos-xviii-a-xx","status":"publish","type":"post","link":"https:\/\/ciep.cl\/inicio\/2025\/03\/20\/proyecto-2022-estudio-paisaje-arqueologico-rural-de-aysen-entre-los-siglos-xviii-a-xx\/","title":{"rendered":"Estudio\/2022\/Estudio: Paisaje arqueol\u00f3gico rural de Ays\u00e9n entre los siglos XVIII a XX"},"content":{"rendered":"\n<p>2022-2024<\/p>\n\n\n\n<p>Se propone el desarrollo de un Estudio con un plan a 24 meses plazo para investigar la diversidad de las manifestaciones arqueol\u00f3gicas hist\u00f3ricas rurales de la Regi\u00f3n de Ays\u00e9n, esta tiene un foco en aquellas \u00e1reas que no han recibido suficiente atenci\u00f3n, cobertura espacial o tem\u00e1tica. Investigaci\u00f3n arqueol\u00f3gica de los cambios y continuidades del paisaje rural de Ays\u00e9n y sus distintos actores en tiempos de ocupaci\u00f3n hist\u00f3rica<\/p>\n","protected":false},"excerpt":{"rendered":"<p>2022-2024 Se propone el desarrollo de un Estudio con un plan a 24 meses plazo para investigar la diversidad de las manifestaciones arqueol\u00f3gicas hist\u00f3ricas rurales de la Regi\u00f3n de Ays\u00e9n, esta tiene un foco en aquellas \u00e1reas que no han &#8230; <\/p>\n<p class=\"read-more-container\"><a title=\"Estudio\/2022\/Estudio: Paisaje arqueol\u00f3gico rural de Ays\u00e9n entre los siglos XVIII a XX\" class=\"read-more button\" href=\"https:\/\/ciep.cl\/inicio\/2025\/03\/20\/proyecto-2022-estudio-paisaje-arqueologico-rural-de-aysen-entre-los-siglos-xviii-a-xx\/#more-9146\" aria-label=\"Leer m\u00e1s sobre Estudio\/2022\/Estudio: Paisaje arqueol\u00f3gico rural de Ays\u00e9n entre los siglos XVIII a XX\">Leer m\u00e1s<\/a><\/p>\n","protected":false},"author":3,"featured_media":0,"comment_status":"open","ping_status":"open","sticky":false,"template":"","format":"standard","meta":{"footnotes":""},"categories":[47,31],"tags":[55],"class_list":["post-9146","post","type-post","status-publish","format-standard","hentry","category-arqueologia-y-patrimonio-proyectos","category-proyectos","tag-amalia-nuevo","infinite-scroll-item"],"_links":{"self":[{"href":"https:\/\/ciep.cl\/inicio\/wp-json\/wp\/v2\/posts\/9146","targetHints":{"allow":["GET"]}}],"collection":[{"href":"https:\/\/ciep.cl\/inicio\/wp-json\/wp\/v2\/posts"}],"about":[{"href":"https:\/\/ciep.cl\/inicio\/wp-json\/wp\/v2\/types\/post"}],"author":[{"embeddable":true,"href":"https:\/\/ciep.cl\/inicio\/wp-json\/wp\/v2\/users\/3"}],"replies":[{"embeddable":true,"href":"https:\/\/ciep.cl\/inicio\/wp-json\/wp\/v2\/comments?post=9146"}],"version-history":[{"count":0,"href":"https:\/\/ciep.cl\/inicio\/wp-json\/wp\/v2\/posts\/9146\/revisions"}],"wp:attachment":[{"href":"https:\/\/ciep.cl\/inicio\/wp-json\/wp\/v2\/media?parent=9146"}],"wp:term":[{"taxonomy":"category","embeddable":true,"href":"https:\/\/ciep.cl\/inicio\/wp-json\/wp\/v2\/categories?post=9146"},{"taxonomy":"post_tag","embeddable":true,"href":"https:\/\/ciep.cl\/inicio\/wp-json\/wp\/v2\/tags?post=9146"}],"curies":[{"name":"wp","href":"https:\/\/api.w.org\/{rel}","templated":true}]}}