{"id":9150,"date":"2025-03-20T13:16:54","date_gmt":"2025-03-20T16:16:54","guid":{"rendered":"https:\/\/www.ciep.cl\/?p=9150"},"modified":"2025-03-20T13:16:54","modified_gmt":"2025-03-20T16:16:54","slug":"estudio-2022-investigacion-y-abundancia-de-erizo-y-loco-en-el-litoral-de-aysen","status":"publish","type":"post","link":"https:\/\/ciep.cl\/inicio\/2025\/03\/20\/estudio-2022-investigacion-y-abundancia-de-erizo-y-loco-en-el-litoral-de-aysen\/","title":{"rendered":"Estudio\/2022\/Investigaci\u00f3n y Abundancia de Erizo y loco en el litoral de Ays\u00e9n"},"content":{"rendered":"\n<p>2022-2025<br \/>Identificar y estimar la distribuci\u00f3n y abundancia de erizo y loco en \u00e1reas de libre acceso (ALAs) de la Regi\u00f3n de Ays\u00e9n y caracterizar la condici\u00f3n biol\u00f3gica de los recursos, esto como insumo para la toma de decisiones informada de los Comit\u00e9s Cient\u00edficos y Comit\u00e9s de Manejo de Recursos Bent\u00f3nicos.<\/p>\n","protected":false},"excerpt":{"rendered":"<p>2022-2025Identificar y estimar la distribuci\u00f3n y abundancia de erizo y loco en \u00e1reas de libre acceso (ALAs) de la Regi\u00f3n de Ays\u00e9n y caracterizar la condici\u00f3n biol\u00f3gica de los recursos, esto como insumo para la toma de decisiones informada de &#8230; <\/p>\n<p class=\"read-more-container\"><a title=\"Estudio\/2022\/Investigaci\u00f3n y Abundancia de Erizo y loco en el litoral de Ays\u00e9n\" class=\"read-more button\" href=\"https:\/\/ciep.cl\/inicio\/2025\/03\/20\/estudio-2022-investigacion-y-abundancia-de-erizo-y-loco-en-el-litoral-de-aysen\/#more-9150\" aria-label=\"Leer m\u00e1s sobre Estudio\/2022\/Investigaci\u00f3n y Abundancia de Erizo y loco en el litoral de Ays\u00e9n\">Leer m\u00e1s<\/a><\/p>\n","protected":false},"author":3,"featured_media":0,"comment_status":"open","ping_status":"open","sticky":false,"template":"","format":"standard","meta":{"footnotes":""},"categories":[49,31],"tags":[96,53],"class_list":["post-9150","post","type-post","status-publish","format-standard","hentry","category-pesca-artesanal-y-acuicultura-proyectos","category-proyectos","tag-alexis-catalan","tag-paula-ortiz","infinite-scroll-item"],"_links":{"self":[{"href":"https:\/\/ciep.cl\/inicio\/wp-json\/wp\/v2\/posts\/9150","targetHints":{"allow":["GET"]}}],"collection":[{"href":"https:\/\/ciep.cl\/inicio\/wp-json\/wp\/v2\/posts"}],"about":[{"href":"https:\/\/ciep.cl\/inicio\/wp-json\/wp\/v2\/types\/post"}],"author":[{"embeddable":true,"href":"https:\/\/ciep.cl\/inicio\/wp-json\/wp\/v2\/users\/3"}],"replies":[{"embeddable":true,"href":"https:\/\/ciep.cl\/inicio\/wp-json\/wp\/v2\/comments?post=9150"}],"version-history":[{"count":0,"href":"https:\/\/ciep.cl\/inicio\/wp-json\/wp\/v2\/posts\/9150\/revisions"}],"wp:attachment":[{"href":"https:\/\/ciep.cl\/inicio\/wp-json\/wp\/v2\/media?parent=9150"}],"wp:term":[{"taxonomy":"category","embeddable":true,"href":"https:\/\/ciep.cl\/inicio\/wp-json\/wp\/v2\/categories?post=9150"},{"taxonomy":"post_tag","embeddable":true,"href":"https:\/\/ciep.cl\/inicio\/wp-json\/wp\/v2\/tags?post=9150"}],"curies":[{"name":"wp","href":"https:\/\/api.w.org\/{rel}","templated":true}]}}